{"id":10244,"date":"2020-11-24T07:00:34","date_gmt":"2020-11-24T06:00:34","guid":{"rendered":"https:\/\/eager-austin.188-34-163-140.plesk.page\/?p=10244"},"modified":"2020-11-24T07:00:34","modified_gmt":"2020-11-24T06:00:34","slug":"welche-tiere-schlafen-im-winter","status":"publish","type":"post","link":"https:\/\/kitabluemli.ch\/en\/welche-tiere-schlafen-im-winter\/","title":{"rendered":"Welche Tiere schlafen im Winter"},"content":{"rendered":"<p>Wir lernen welche Tiere in der Schweiz im Winter schlafen gehen. Echte Winterschl\u00e4fer sind Flederm\u00e4use, Siebenschl\u00e4fer, Hamster und Murmeltiere. Sie senken ihre K\u00f6rpertemperatur und alle K\u00f6rperfunktion drastisch ab. Winterruhe ohne Absenkung der K\u00f6rpertemperatur halten Dachs, Eichh\u00f6rnchen, Waschb\u00e4r und Braunb\u00e4r.<\/p>","protected":false},"excerpt":{"rendered":"<p>Wir lernen welche Tiere in der Schweiz im Winter schlafen gehen. Echte Winterschl\u00e4fer sind Flederm\u00e4use, Siebenschl\u00e4fer, Hamster und Murmeltiere. Sie senken ihre K\u00f6rpertemperatur und alle K\u00f6rperfunktion drastisch ab. Winterruhe ohne Absenkung der K\u00f6rpertemperatur halten Dachs, Eichh\u00f6rnchen, Waschb\u00e4r und Braunb\u00e4r.<\/p>","protected":false},"author":2,"featured_media":10245,"comment_status":"closed","ping_status":"closed","sticky":false,"template":"","format":"standard","meta":{"footnotes":""},"categories":[520],"tags":[],"class_list":["post-10244","post","type-post","status-publish","format-standard","has-post-thumbnail","hentry","category-waldkinderkrippe-blog"],"_links":{"self":[{"href":"https:\/\/kitabluemli.ch\/en\/wp-json\/wp\/v2\/posts\/10244","targetHints":{"allow":["GET"]}}],"collection":[{"href":"https:\/\/kitabluemli.ch\/en\/wp-json\/wp\/v2\/posts"}],"about":[{"href":"https:\/\/kitabluemli.ch\/en\/wp-json\/wp\/v2\/types\/post"}],"author":[{"embeddable":true,"href":"https:\/\/kitabluemli.ch\/en\/wp-json\/wp\/v2\/users\/2"}],"replies":[{"embeddable":true,"href":"https:\/\/kitabluemli.ch\/en\/wp-json\/wp\/v2\/comments?post=10244"}],"version-history":[{"count":0,"href":"https:\/\/kitabluemli.ch\/en\/wp-json\/wp\/v2\/posts\/10244\/revisions"}],"wp:featuredmedia":[{"embeddable":true,"href":"https:\/\/kitabluemli.ch\/en\/wp-json\/wp\/v2\/media\/10245"}],"wp:attachment":[{"href":"https:\/\/kitabluemli.ch\/en\/wp-json\/wp\/v2\/media?parent=10244"}],"wp:term":[{"taxonomy":"category","embeddable":true,"href":"https:\/\/kitabluemli.ch\/en\/wp-json\/wp\/v2\/categories?post=10244"},{"taxonomy":"post_tag","embeddable":true,"href":"https:\/\/kitabluemli.ch\/en\/wp-json\/wp\/v2\/tags?post=10244"}],"curies":[{"name":"wp","href":"https:\/\/api.w.org\/{rel}","templated":true}]}}