{"id":10257,"date":"2020-12-01T07:00:25","date_gmt":"2020-12-01T06:00:25","guid":{"rendered":"https:\/\/eager-austin.188-34-163-140.plesk.page\/?p=10257"},"modified":"2020-12-01T07:00:25","modified_gmt":"2020-12-01T06:00:25","slug":"zmittag","status":"publish","type":"post","link":"https:\/\/kitabluemli.ch\/en\/zmittag\/","title":{"rendered":"Zmittag"},"content":{"rendered":"<p>Unser gemeinsamer Zmittag in der KiTa. Wir bereiten f\u00fcr die Kinder alle unsere Mahlzeiten soweit wie m\u00f6glich ausschliesslich mit Bio Produkten saisonal gerecht und achten auf eine gesunde und abwechslungsreiche Ern\u00e4hrung.<\/p>","protected":false},"excerpt":{"rendered":"<p>Unser gemeinsamer Zmittag in der KiTa. Wir bereiten f\u00fcr die Kinder alle unsere Mahlzeiten soweit wie m\u00f6glich ausschliesslich mit Bio Produkten saisonal gerecht und achten auf eine gesunde und abwechslungsreiche Ern\u00e4hrung.<\/p>","protected":false},"author":2,"featured_media":10258,"comment_status":"closed","ping_status":"closed","sticky":false,"template":"","format":"standard","meta":{"footnotes":""},"categories":[519],"tags":[],"class_list":["post-10257","post","type-post","status-publish","format-standard","has-post-thumbnail","hentry","category-kinderkrippe-blog"],"_links":{"self":[{"href":"https:\/\/kitabluemli.ch\/en\/wp-json\/wp\/v2\/posts\/10257","targetHints":{"allow":["GET"]}}],"collection":[{"href":"https:\/\/kitabluemli.ch\/en\/wp-json\/wp\/v2\/posts"}],"about":[{"href":"https:\/\/kitabluemli.ch\/en\/wp-json\/wp\/v2\/types\/post"}],"author":[{"embeddable":true,"href":"https:\/\/kitabluemli.ch\/en\/wp-json\/wp\/v2\/users\/2"}],"replies":[{"embeddable":true,"href":"https:\/\/kitabluemli.ch\/en\/wp-json\/wp\/v2\/comments?post=10257"}],"version-history":[{"count":0,"href":"https:\/\/kitabluemli.ch\/en\/wp-json\/wp\/v2\/posts\/10257\/revisions"}],"wp:featuredmedia":[{"embeddable":true,"href":"https:\/\/kitabluemli.ch\/en\/wp-json\/wp\/v2\/media\/10258"}],"wp:attachment":[{"href":"https:\/\/kitabluemli.ch\/en\/wp-json\/wp\/v2\/media?parent=10257"}],"wp:term":[{"taxonomy":"category","embeddable":true,"href":"https:\/\/kitabluemli.ch\/en\/wp-json\/wp\/v2\/categories?post=10257"},{"taxonomy":"post_tag","embeddable":true,"href":"https:\/\/kitabluemli.ch\/en\/wp-json\/wp\/v2\/tags?post=10257"}],"curies":[{"name":"wp","href":"https:\/\/api.w.org\/{rel}","templated":true}]}}