{"id":10327,"date":"2021-01-06T07:00:59","date_gmt":"2021-01-06T06:00:59","guid":{"rendered":"https:\/\/eager-austin.188-34-163-140.plesk.page\/?p=10327"},"modified":"2021-01-06T07:00:59","modified_gmt":"2021-01-06T06:00:59","slug":"drei-koenigstag-2021","status":"publish","type":"post","link":"https:\/\/kitabluemli.ch\/en\/drei-koenigstag-2021\/","title":{"rendered":"Drei K\u00f6nigstag 2021"},"content":{"rendered":"<p>Wir w\u00fcnschen allen einen sch\u00f6nen <a href=\"https:\/\/de.wikipedia.org\/wiki\/Heilige_Drei_K%C3%B6nige\" target=\"_blank\" rel=\"noopener\">Drei K\u00f6nigstag<\/a>.<\/p>","protected":false},"excerpt":{"rendered":"<p>Wir w\u00fcnschen allen einen sch\u00f6nen Drei K\u00f6nigstag.<\/p>","protected":false},"author":2,"featured_media":10328,"comment_status":"closed","ping_status":"closed","sticky":false,"template":"","format":"standard","meta":{"footnotes":""},"categories":[1,519,520],"tags":[],"class_list":["post-10327","post","type-post","status-publish","format-standard","has-post-thumbnail","hentry","category-allgemein-blog","category-kinderkrippe-blog","category-waldkinderkrippe-blog"],"_links":{"self":[{"href":"https:\/\/kitabluemli.ch\/en\/wp-json\/wp\/v2\/posts\/10327","targetHints":{"allow":["GET"]}}],"collection":[{"href":"https:\/\/kitabluemli.ch\/en\/wp-json\/wp\/v2\/posts"}],"about":[{"href":"https:\/\/kitabluemli.ch\/en\/wp-json\/wp\/v2\/types\/post"}],"author":[{"embeddable":true,"href":"https:\/\/kitabluemli.ch\/en\/wp-json\/wp\/v2\/users\/2"}],"replies":[{"embeddable":true,"href":"https:\/\/kitabluemli.ch\/en\/wp-json\/wp\/v2\/comments?post=10327"}],"version-history":[{"count":0,"href":"https:\/\/kitabluemli.ch\/en\/wp-json\/wp\/v2\/posts\/10327\/revisions"}],"wp:featuredmedia":[{"embeddable":true,"href":"https:\/\/kitabluemli.ch\/en\/wp-json\/wp\/v2\/media\/10328"}],"wp:attachment":[{"href":"https:\/\/kitabluemli.ch\/en\/wp-json\/wp\/v2\/media?parent=10327"}],"wp:term":[{"taxonomy":"category","embeddable":true,"href":"https:\/\/kitabluemli.ch\/en\/wp-json\/wp\/v2\/categories?post=10327"},{"taxonomy":"post_tag","embeddable":true,"href":"https:\/\/kitabluemli.ch\/en\/wp-json\/wp\/v2\/tags?post=10327"}],"curies":[{"name":"wp","href":"https:\/\/api.w.org\/{rel}","templated":true}]}}