{"id":10339,"date":"2021-01-13T07:00:09","date_gmt":"2021-01-13T06:00:09","guid":{"rendered":"https:\/\/eager-austin.188-34-163-140.plesk.page\/?p=10339"},"modified":"2021-01-13T07:00:09","modified_gmt":"2021-01-13T06:00:09","slug":"wie-fu%cc%88hlt-sich-eis-an","status":"publish","type":"post","link":"https:\/\/kitabluemli.ch\/en\/wie-fu%cc%88hlt-sich-eis-an\/","title":{"rendered":"Wie fu\u0308hlt sich Eis an?"},"content":{"rendered":"<p>Wir f\u00fchlen wie sich die K\u00e4lte anf\u00fchlt, wie das Eis bei w\u00e4rme schmilzt oder es an unsere H\u00e4nden klebt sobald wir es ber\u00fchren.<\/p>","protected":false},"excerpt":{"rendered":"<p>Wir f\u00fchlen wie sich die K\u00e4lte anf\u00fchlt, wie das Eis bei w\u00e4rme schmilzt oder es an unsere H\u00e4nden klebt sobald wir es ber\u00fchren.<\/p>","protected":false},"author":2,"featured_media":10340,"comment_status":"closed","ping_status":"closed","sticky":false,"template":"","format":"standard","meta":{"footnotes":""},"categories":[519],"tags":[],"class_list":["post-10339","post","type-post","status-publish","format-standard","has-post-thumbnail","hentry","category-kinderkrippe-blog"],"_links":{"self":[{"href":"https:\/\/kitabluemli.ch\/en\/wp-json\/wp\/v2\/posts\/10339","targetHints":{"allow":["GET"]}}],"collection":[{"href":"https:\/\/kitabluemli.ch\/en\/wp-json\/wp\/v2\/posts"}],"about":[{"href":"https:\/\/kitabluemli.ch\/en\/wp-json\/wp\/v2\/types\/post"}],"author":[{"embeddable":true,"href":"https:\/\/kitabluemli.ch\/en\/wp-json\/wp\/v2\/users\/2"}],"replies":[{"embeddable":true,"href":"https:\/\/kitabluemli.ch\/en\/wp-json\/wp\/v2\/comments?post=10339"}],"version-history":[{"count":0,"href":"https:\/\/kitabluemli.ch\/en\/wp-json\/wp\/v2\/posts\/10339\/revisions"}],"wp:featuredmedia":[{"embeddable":true,"href":"https:\/\/kitabluemli.ch\/en\/wp-json\/wp\/v2\/media\/10340"}],"wp:attachment":[{"href":"https:\/\/kitabluemli.ch\/en\/wp-json\/wp\/v2\/media?parent=10339"}],"wp:term":[{"taxonomy":"category","embeddable":true,"href":"https:\/\/kitabluemli.ch\/en\/wp-json\/wp\/v2\/categories?post=10339"},{"taxonomy":"post_tag","embeddable":true,"href":"https:\/\/kitabluemli.ch\/en\/wp-json\/wp\/v2\/tags?post=10339"}],"curies":[{"name":"wp","href":"https:\/\/api.w.org\/{rel}","templated":true}]}}