{"id":10342,"date":"2021-01-15T07:00:54","date_gmt":"2021-01-15T06:00:54","guid":{"rendered":"https:\/\/eager-austin.188-34-163-140.plesk.page\/?p=10342"},"modified":"2021-01-15T07:00:54","modified_gmt":"2021-01-15T06:00:54","slug":"jahreszeiten-baum-gestalten","status":"publish","type":"post","link":"https:\/\/kitabluemli.ch\/en\/jahreszeiten-baum-gestalten\/","title":{"rendered":"Jahreszeiten Baum gestalten"},"content":{"rendered":"<p>Wir gestalten unser Jahreszeiten Baum. Fr\u00fchling, der Baum des Fr\u00fchlings l\u00e4sst das Leben zum Leben erwachen. Sommer, der Baum des Sommers spr\u00fcht vor Leben. Herbst, im Herbst schenkt uns der Baum seine Fr\u00fcchte. Winter, der Schnee ruht auf dem Baum.<\/p>","protected":false},"excerpt":{"rendered":"<p>Wir gestalten unser Jahreszeiten Baum. Fr\u00fchling, der Baum des Fr\u00fchlings l\u00e4sst das Leben zum Leben erwachen. Sommer, der Baum des Sommers spr\u00fcht vor Leben. Herbst, im Herbst schenkt uns der Baum seine Fr\u00fcchte. Winter, der Schnee ruht auf dem Baum.<\/p>","protected":false},"author":2,"featured_media":10343,"comment_status":"closed","ping_status":"closed","sticky":false,"template":"","format":"standard","meta":{"footnotes":""},"categories":[519],"tags":[],"class_list":["post-10342","post","type-post","status-publish","format-standard","has-post-thumbnail","hentry","category-kinderkrippe-blog"],"_links":{"self":[{"href":"https:\/\/kitabluemli.ch\/en\/wp-json\/wp\/v2\/posts\/10342","targetHints":{"allow":["GET"]}}],"collection":[{"href":"https:\/\/kitabluemli.ch\/en\/wp-json\/wp\/v2\/posts"}],"about":[{"href":"https:\/\/kitabluemli.ch\/en\/wp-json\/wp\/v2\/types\/post"}],"author":[{"embeddable":true,"href":"https:\/\/kitabluemli.ch\/en\/wp-json\/wp\/v2\/users\/2"}],"replies":[{"embeddable":true,"href":"https:\/\/kitabluemli.ch\/en\/wp-json\/wp\/v2\/comments?post=10342"}],"version-history":[{"count":0,"href":"https:\/\/kitabluemli.ch\/en\/wp-json\/wp\/v2\/posts\/10342\/revisions"}],"wp:featuredmedia":[{"embeddable":true,"href":"https:\/\/kitabluemli.ch\/en\/wp-json\/wp\/v2\/media\/10343"}],"wp:attachment":[{"href":"https:\/\/kitabluemli.ch\/en\/wp-json\/wp\/v2\/media?parent=10342"}],"wp:term":[{"taxonomy":"category","embeddable":true,"href":"https:\/\/kitabluemli.ch\/en\/wp-json\/wp\/v2\/categories?post=10342"},{"taxonomy":"post_tag","embeddable":true,"href":"https:\/\/kitabluemli.ch\/en\/wp-json\/wp\/v2\/tags?post=10342"}],"curies":[{"name":"wp","href":"https:\/\/api.w.org\/{rel}","templated":true}]}}