{"id":10368,"date":"2021-01-29T07:00:58","date_gmt":"2021-01-29T06:00:58","guid":{"rendered":"https:\/\/eager-austin.188-34-163-140.plesk.page\/?p=10368"},"modified":"2021-01-29T07:00:58","modified_gmt":"2021-01-29T06:00:58","slug":"dufte-erkennen-lernen","status":"publish","type":"post","link":"https:\/\/kitabluemli.ch\/en\/dufte-erkennen-lernen\/","title":{"rendered":"Dufte erkennen lernen"},"content":{"rendered":"<p>Dufte erkennen lernen in der KiTa. Wenn Kinder ihre Sinne ganz bewusst erleben d\u00fcrfen, k\u00f6nnen sie sp\u00e4ter auch ihre Umwelt besser erfahren.<\/p>","protected":false},"excerpt":{"rendered":"<p>Dufte erkennen lernen in der KiTa. Wenn Kinder ihre Sinne ganz bewusst erleben d\u00fcrfen, k\u00f6nnen sie sp\u00e4ter auch ihre Umwelt besser erfahren.<\/p>","protected":false},"author":2,"featured_media":10369,"comment_status":"closed","ping_status":"closed","sticky":false,"template":"","format":"standard","meta":{"footnotes":""},"categories":[519],"tags":[],"class_list":["post-10368","post","type-post","status-publish","format-standard","has-post-thumbnail","hentry","category-kinderkrippe-blog"],"_links":{"self":[{"href":"https:\/\/kitabluemli.ch\/en\/wp-json\/wp\/v2\/posts\/10368","targetHints":{"allow":["GET"]}}],"collection":[{"href":"https:\/\/kitabluemli.ch\/en\/wp-json\/wp\/v2\/posts"}],"about":[{"href":"https:\/\/kitabluemli.ch\/en\/wp-json\/wp\/v2\/types\/post"}],"author":[{"embeddable":true,"href":"https:\/\/kitabluemli.ch\/en\/wp-json\/wp\/v2\/users\/2"}],"replies":[{"embeddable":true,"href":"https:\/\/kitabluemli.ch\/en\/wp-json\/wp\/v2\/comments?post=10368"}],"version-history":[{"count":0,"href":"https:\/\/kitabluemli.ch\/en\/wp-json\/wp\/v2\/posts\/10368\/revisions"}],"wp:featuredmedia":[{"embeddable":true,"href":"https:\/\/kitabluemli.ch\/en\/wp-json\/wp\/v2\/media\/10369"}],"wp:attachment":[{"href":"https:\/\/kitabluemli.ch\/en\/wp-json\/wp\/v2\/media?parent=10368"}],"wp:term":[{"taxonomy":"category","embeddable":true,"href":"https:\/\/kitabluemli.ch\/en\/wp-json\/wp\/v2\/categories?post=10368"},{"taxonomy":"post_tag","embeddable":true,"href":"https:\/\/kitabluemli.ch\/en\/wp-json\/wp\/v2\/tags?post=10368"}],"curies":[{"name":"wp","href":"https:\/\/api.w.org\/{rel}","templated":true}]}}