{"id":10552,"date":"2021-04-24T07:00:00","date_gmt":"2021-04-24T05:00:00","guid":{"rendered":"https:\/\/eager-austin.188-34-163-140.plesk.page\/?p=10552"},"modified":"2021-04-24T07:00:00","modified_gmt":"2021-04-24T05:00:00","slug":"zvieri-im-wald-5","status":"publish","type":"post","link":"https:\/\/kitabluemli.ch\/en\/zvieri-im-wald-5\/","title":{"rendered":"Zvieri im Wald"},"content":{"rendered":"<p>Wir nehmen unser Zvieri im Wald. Wir bereiten f\u00fcr die Kinder alle unsere Mahlzeiten so weit wie m\u00f6glich ausschliesslich mit Bio Produkten saisonal gerecht und achten auf eine gesunde und abwechslungsreiche Ern\u00e4hrung.<\/p>","protected":false},"excerpt":{"rendered":"<p>Wir nehmen unser Zvieri im Wald. Wir bereiten f\u00fcr die Kinder alle unsere Mahlzeiten so weit wie m\u00f6glich ausschliesslich mit Bio Produkten saisonal gerecht und achten auf eine gesunde und abwechslungsreiche Ern\u00e4hrung.<\/p>","protected":false},"author":2,"featured_media":10553,"comment_status":"closed","ping_status":"closed","sticky":false,"template":"","format":"standard","meta":{"footnotes":""},"categories":[520],"tags":[],"class_list":["post-10552","post","type-post","status-publish","format-standard","has-post-thumbnail","hentry","category-waldkinderkrippe-blog"],"_links":{"self":[{"href":"https:\/\/kitabluemli.ch\/en\/wp-json\/wp\/v2\/posts\/10552","targetHints":{"allow":["GET"]}}],"collection":[{"href":"https:\/\/kitabluemli.ch\/en\/wp-json\/wp\/v2\/posts"}],"about":[{"href":"https:\/\/kitabluemli.ch\/en\/wp-json\/wp\/v2\/types\/post"}],"author":[{"embeddable":true,"href":"https:\/\/kitabluemli.ch\/en\/wp-json\/wp\/v2\/users\/2"}],"replies":[{"embeddable":true,"href":"https:\/\/kitabluemli.ch\/en\/wp-json\/wp\/v2\/comments?post=10552"}],"version-history":[{"count":0,"href":"https:\/\/kitabluemli.ch\/en\/wp-json\/wp\/v2\/posts\/10552\/revisions"}],"wp:featuredmedia":[{"embeddable":true,"href":"https:\/\/kitabluemli.ch\/en\/wp-json\/wp\/v2\/media\/10553"}],"wp:attachment":[{"href":"https:\/\/kitabluemli.ch\/en\/wp-json\/wp\/v2\/media?parent=10552"}],"wp:term":[{"taxonomy":"category","embeddable":true,"href":"https:\/\/kitabluemli.ch\/en\/wp-json\/wp\/v2\/categories?post=10552"},{"taxonomy":"post_tag","embeddable":true,"href":"https:\/\/kitabluemli.ch\/en\/wp-json\/wp\/v2\/tags?post=10552"}],"curies":[{"name":"wp","href":"https:\/\/api.w.org\/{rel}","templated":true}]}}