{"id":10569,"date":"2021-05-03T07:00:27","date_gmt":"2021-05-03T05:00:27","guid":{"rendered":"https:\/\/eager-austin.188-34-163-140.plesk.page\/?p=10569"},"modified":"2021-05-03T07:00:27","modified_gmt":"2021-05-03T05:00:27","slug":"zvieri-im-wald-6","status":"publish","type":"post","link":"https:\/\/kitabluemli.ch\/en\/zvieri-im-wald-6\/","title":{"rendered":"Zvieri im Wald"},"content":{"rendered":"<p>Wir bereiten f\u00fcr die Kinder alle unsere Mahlzeiten so weit wie m\u00f6glich ausschliesslich mit Bio Produkten saisonal gerecht und achten auf eine gesunde und abwechslungsreiche Ern\u00e4hrung.<\/p>\n<p>Eine nachhaltige und bewusste Ern\u00e4hrung f\u00f6rdert nicht nur die Gesundheit der Kinder, sondern ist auch eine Frage der Lebenseinstellung. Wer erkannt hat, dass in biologischem Gem\u00fcse keine chemischen D\u00fcnger- und Unkrautvernichtungsmittel vorhanden sind und bei der Tierhaltung auf die tierschutzwidrigen Methoden der Massentierhaltung verzichtet wird, der kommt automatisch zum Schluss, dass Bio Produkte zu bevorzugen sind.<\/p>\n<p>Die Kinder erhalten Fr\u00fchst\u00fcck, Zn\u00fcni, Mittagessen und Zvieri. Alle Mahlzeiten bereiten wir selber t\u00e4glich frisch in die KiTa.<\/p>","protected":false},"excerpt":{"rendered":"<p>Wir bereiten f\u00fcr die Kinder alle unsere Mahlzeiten so weit wie m\u00f6glich ausschliesslich mit Bio Produkten saisonal gerecht und achten auf eine gesunde und abwechslungsreiche Ern\u00e4hrung. Eine nachhaltige und bewusste Ern\u00e4hrung f\u00f6rdert nicht nur die Gesundheit der Kinder, sondern ist auch eine Frage der Lebenseinstellung. Wer erkannt hat, dass in biologischem Gem\u00fcse keine chemischen D\u00fcnger- [&hellip;]<\/p>\n","protected":false},"author":2,"featured_media":10570,"comment_status":"closed","ping_status":"closed","sticky":false,"template":"","format":"standard","meta":{"footnotes":""},"categories":[520],"tags":[],"class_list":["post-10569","post","type-post","status-publish","format-standard","has-post-thumbnail","hentry","category-waldkinderkrippe-blog"],"_links":{"self":[{"href":"https:\/\/kitabluemli.ch\/en\/wp-json\/wp\/v2\/posts\/10569","targetHints":{"allow":["GET"]}}],"collection":[{"href":"https:\/\/kitabluemli.ch\/en\/wp-json\/wp\/v2\/posts"}],"about":[{"href":"https:\/\/kitabluemli.ch\/en\/wp-json\/wp\/v2\/types\/post"}],"author":[{"embeddable":true,"href":"https:\/\/kitabluemli.ch\/en\/wp-json\/wp\/v2\/users\/2"}],"replies":[{"embeddable":true,"href":"https:\/\/kitabluemli.ch\/en\/wp-json\/wp\/v2\/comments?post=10569"}],"version-history":[{"count":0,"href":"https:\/\/kitabluemli.ch\/en\/wp-json\/wp\/v2\/posts\/10569\/revisions"}],"wp:featuredmedia":[{"embeddable":true,"href":"https:\/\/kitabluemli.ch\/en\/wp-json\/wp\/v2\/media\/10570"}],"wp:attachment":[{"href":"https:\/\/kitabluemli.ch\/en\/wp-json\/wp\/v2\/media?parent=10569"}],"wp:term":[{"taxonomy":"category","embeddable":true,"href":"https:\/\/kitabluemli.ch\/en\/wp-json\/wp\/v2\/categories?post=10569"},{"taxonomy":"post_tag","embeddable":true,"href":"https:\/\/kitabluemli.ch\/en\/wp-json\/wp\/v2\/tags?post=10569"}],"curies":[{"name":"wp","href":"https:\/\/api.w.org\/{rel}","templated":true}]}}