{"id":10580,"date":"2021-05-09T07:00:54","date_gmt":"2021-05-09T05:00:54","guid":{"rendered":"https:\/\/eager-austin.188-34-163-140.plesk.page\/?p=10580"},"modified":"2021-05-09T07:00:54","modified_gmt":"2021-05-09T05:00:54","slug":"muttertag-2021","status":"publish","type":"post","link":"https:\/\/kitabluemli.ch\/en\/muttertag-2021\/","title":{"rendered":"Muttertag 2021"},"content":{"rendered":"<p>Wir w\u00fcnschen allen Mamis und werdende Mamis einen wundersch\u00f6nen Muttertag.<\/p>\n<p>Das KiTa Bl\u00fcemli Team.<\/p>","protected":false},"excerpt":{"rendered":"<p>Wir w\u00fcnschen allen Mamis und werdende Mamis einen wundersch\u00f6nen Muttertag. Das KiTa Bl\u00fcemli Team.<\/p>","protected":false},"author":2,"featured_media":5971,"comment_status":"closed","ping_status":"closed","sticky":false,"template":"","format":"standard","meta":{"footnotes":""},"categories":[1,519,520],"tags":[],"class_list":["post-10580","post","type-post","status-publish","format-standard","has-post-thumbnail","hentry","category-allgemein-blog","category-kinderkrippe-blog","category-waldkinderkrippe-blog"],"_links":{"self":[{"href":"https:\/\/kitabluemli.ch\/en\/wp-json\/wp\/v2\/posts\/10580","targetHints":{"allow":["GET"]}}],"collection":[{"href":"https:\/\/kitabluemli.ch\/en\/wp-json\/wp\/v2\/posts"}],"about":[{"href":"https:\/\/kitabluemli.ch\/en\/wp-json\/wp\/v2\/types\/post"}],"author":[{"embeddable":true,"href":"https:\/\/kitabluemli.ch\/en\/wp-json\/wp\/v2\/users\/2"}],"replies":[{"embeddable":true,"href":"https:\/\/kitabluemli.ch\/en\/wp-json\/wp\/v2\/comments?post=10580"}],"version-history":[{"count":0,"href":"https:\/\/kitabluemli.ch\/en\/wp-json\/wp\/v2\/posts\/10580\/revisions"}],"wp:featuredmedia":[{"embeddable":true,"href":"https:\/\/kitabluemli.ch\/en\/wp-json\/wp\/v2\/media\/5971"}],"wp:attachment":[{"href":"https:\/\/kitabluemli.ch\/en\/wp-json\/wp\/v2\/media?parent=10580"}],"wp:term":[{"taxonomy":"category","embeddable":true,"href":"https:\/\/kitabluemli.ch\/en\/wp-json\/wp\/v2\/categories?post=10580"},{"taxonomy":"post_tag","embeddable":true,"href":"https:\/\/kitabluemli.ch\/en\/wp-json\/wp\/v2\/tags?post=10580"}],"curies":[{"name":"wp","href":"https:\/\/api.w.org\/{rel}","templated":true}]}}