{"id":10620,"date":"2021-06-09T07:00:23","date_gmt":"2021-06-09T05:00:23","guid":{"rendered":"https:\/\/eager-austin.188-34-163-140.plesk.page\/?p=10620"},"modified":"2021-06-09T07:00:23","modified_gmt":"2021-06-09T05:00:23","slug":"im-gru%cc%88nen","status":"publish","type":"post","link":"https:\/\/kitabluemli.ch\/en\/im-gru%cc%88nen\/","title":{"rendered":"Im gru\u0308nen"},"content":{"rendered":"<p>Die gr\u00fcne Wiese ruft! Heute waren alle Kinder in den herrlich gr\u00fcnen <a href=\"https:\/\/de.wikipedia.org\/wiki\/Wiese_(Gr%C3%BCnland)\" target=\"_blank\" rel=\"noopener\">Wiese<\/a>. Rennen, h\u00fcpfen und Fangis spielen, f\u00fcr alle war etwas dabei.<\/p>","protected":false},"excerpt":{"rendered":"<p>Die gr\u00fcne Wiese ruft! Heute waren alle Kinder in den herrlich gr\u00fcnen Wiese. Rennen, h\u00fcpfen und Fangis spielen, f\u00fcr alle war etwas dabei.<\/p>","protected":false},"author":2,"featured_media":10621,"comment_status":"closed","ping_status":"closed","sticky":false,"template":"","format":"standard","meta":{"footnotes":""},"categories":[519],"tags":[],"class_list":["post-10620","post","type-post","status-publish","format-standard","has-post-thumbnail","hentry","category-kinderkrippe-blog"],"_links":{"self":[{"href":"https:\/\/kitabluemli.ch\/en\/wp-json\/wp\/v2\/posts\/10620","targetHints":{"allow":["GET"]}}],"collection":[{"href":"https:\/\/kitabluemli.ch\/en\/wp-json\/wp\/v2\/posts"}],"about":[{"href":"https:\/\/kitabluemli.ch\/en\/wp-json\/wp\/v2\/types\/post"}],"author":[{"embeddable":true,"href":"https:\/\/kitabluemli.ch\/en\/wp-json\/wp\/v2\/users\/2"}],"replies":[{"embeddable":true,"href":"https:\/\/kitabluemli.ch\/en\/wp-json\/wp\/v2\/comments?post=10620"}],"version-history":[{"count":0,"href":"https:\/\/kitabluemli.ch\/en\/wp-json\/wp\/v2\/posts\/10620\/revisions"}],"wp:featuredmedia":[{"embeddable":true,"href":"https:\/\/kitabluemli.ch\/en\/wp-json\/wp\/v2\/media\/10621"}],"wp:attachment":[{"href":"https:\/\/kitabluemli.ch\/en\/wp-json\/wp\/v2\/media?parent=10620"}],"wp:term":[{"taxonomy":"category","embeddable":true,"href":"https:\/\/kitabluemli.ch\/en\/wp-json\/wp\/v2\/categories?post=10620"},{"taxonomy":"post_tag","embeddable":true,"href":"https:\/\/kitabluemli.ch\/en\/wp-json\/wp\/v2\/tags?post=10620"}],"curies":[{"name":"wp","href":"https:\/\/api.w.org\/{rel}","templated":true}]}}