{"id":10664,"date":"2021-07-03T07:00:21","date_gmt":"2021-07-03T05:00:21","guid":{"rendered":"https:\/\/eager-austin.188-34-163-140.plesk.page\/?p=10664"},"modified":"2021-07-03T07:00:21","modified_gmt":"2021-07-03T05:00:21","slug":"waldhuette-zvieri","status":"publish","type":"post","link":"https:\/\/kitabluemli.ch\/en\/waldhuette-zvieri\/","title":{"rendered":"Waldh\u00fctte Zvieri"},"content":{"rendered":"<p>Unser Zvieri in der Waldh\u00fctte. Wir bereiten f\u00fcr die Kinder alle unsere Mahlzeiten so weit wie m\u00f6glich ausschliesslich mit Bio Produkten saisonal gerecht und achten auf eine gesunde und abwechslungsreiche Ern\u00e4hrung.<\/p>","protected":false},"excerpt":{"rendered":"<p>Unser Zvieri in der Waldh\u00fctte. Wir bereiten f\u00fcr die Kinder alle unsere Mahlzeiten so weit wie m\u00f6glich ausschliesslich mit Bio Produkten saisonal gerecht und achten auf eine gesunde und abwechslungsreiche Ern\u00e4hrung.<\/p>","protected":false},"author":2,"featured_media":10665,"comment_status":"closed","ping_status":"closed","sticky":false,"template":"","format":"standard","meta":{"footnotes":""},"categories":[520],"tags":[],"class_list":["post-10664","post","type-post","status-publish","format-standard","has-post-thumbnail","hentry","category-waldkinderkrippe-blog"],"_links":{"self":[{"href":"https:\/\/kitabluemli.ch\/en\/wp-json\/wp\/v2\/posts\/10664","targetHints":{"allow":["GET"]}}],"collection":[{"href":"https:\/\/kitabluemli.ch\/en\/wp-json\/wp\/v2\/posts"}],"about":[{"href":"https:\/\/kitabluemli.ch\/en\/wp-json\/wp\/v2\/types\/post"}],"author":[{"embeddable":true,"href":"https:\/\/kitabluemli.ch\/en\/wp-json\/wp\/v2\/users\/2"}],"replies":[{"embeddable":true,"href":"https:\/\/kitabluemli.ch\/en\/wp-json\/wp\/v2\/comments?post=10664"}],"version-history":[{"count":0,"href":"https:\/\/kitabluemli.ch\/en\/wp-json\/wp\/v2\/posts\/10664\/revisions"}],"wp:featuredmedia":[{"embeddable":true,"href":"https:\/\/kitabluemli.ch\/en\/wp-json\/wp\/v2\/media\/10665"}],"wp:attachment":[{"href":"https:\/\/kitabluemli.ch\/en\/wp-json\/wp\/v2\/media?parent=10664"}],"wp:term":[{"taxonomy":"category","embeddable":true,"href":"https:\/\/kitabluemli.ch\/en\/wp-json\/wp\/v2\/categories?post=10664"},{"taxonomy":"post_tag","embeddable":true,"href":"https:\/\/kitabluemli.ch\/en\/wp-json\/wp\/v2\/tags?post=10664"}],"curies":[{"name":"wp","href":"https:\/\/api.w.org\/{rel}","templated":true}]}}