{"id":10693,"date":"2021-07-21T07:00:46","date_gmt":"2021-07-21T05:00:46","guid":{"rendered":"https:\/\/eager-austin.188-34-163-140.plesk.page\/?p=10693"},"modified":"2021-07-21T07:00:46","modified_gmt":"2021-07-21T05:00:46","slug":"gemeinsamer-mittagessen","status":"publish","type":"post","link":"https:\/\/kitabluemli.ch\/en\/gemeinsamer-mittagessen\/","title":{"rendered":"Gemeinsamer Mittagessen"},"content":{"rendered":"<p>Unser gemeinsamer <a href=\"https:\/\/de.wikipedia.org\/wiki\/Mittagessen\" target=\"_blank\" rel=\"noopener\">Mittagessen<\/a> auf dem Spielplatz. Wir bereiten f\u00fcr die Kinder alle unsere Mahlzeiten so weit wie m\u00f6glich ausschliesslich mit Bio Produkten saisonal gerecht und achten auf eine gesunde und abwechslungsreiche Ern\u00e4hrung. Die Kinder erhalten Fr\u00fchst\u00fcck, Zn\u00fcni, Mittagessen und Zvieri. Alle Mahlzeiten bereiten wir selber t\u00e4glich frisch in die KiTa.<\/p>","protected":false},"excerpt":{"rendered":"<p>Unser gemeinsamer Mittagessen auf dem Spielplatz. Wir bereiten f\u00fcr die Kinder alle unsere Mahlzeiten so weit wie m\u00f6glich ausschliesslich mit Bio Produkten saisonal gerecht und achten auf eine gesunde und abwechslungsreiche Ern\u00e4hrung. Die Kinder erhalten Fr\u00fchst\u00fcck, Zn\u00fcni, Mittagessen und Zvieri. Alle Mahlzeiten bereiten wir selber t\u00e4glich frisch in die KiTa.<\/p>","protected":false},"author":2,"featured_media":10694,"comment_status":"closed","ping_status":"closed","sticky":false,"template":"","format":"standard","meta":{"footnotes":""},"categories":[519],"tags":[],"class_list":["post-10693","post","type-post","status-publish","format-standard","has-post-thumbnail","hentry","category-kinderkrippe-blog"],"_links":{"self":[{"href":"https:\/\/kitabluemli.ch\/en\/wp-json\/wp\/v2\/posts\/10693","targetHints":{"allow":["GET"]}}],"collection":[{"href":"https:\/\/kitabluemli.ch\/en\/wp-json\/wp\/v2\/posts"}],"about":[{"href":"https:\/\/kitabluemli.ch\/en\/wp-json\/wp\/v2\/types\/post"}],"author":[{"embeddable":true,"href":"https:\/\/kitabluemli.ch\/en\/wp-json\/wp\/v2\/users\/2"}],"replies":[{"embeddable":true,"href":"https:\/\/kitabluemli.ch\/en\/wp-json\/wp\/v2\/comments?post=10693"}],"version-history":[{"count":0,"href":"https:\/\/kitabluemli.ch\/en\/wp-json\/wp\/v2\/posts\/10693\/revisions"}],"wp:featuredmedia":[{"embeddable":true,"href":"https:\/\/kitabluemli.ch\/en\/wp-json\/wp\/v2\/media\/10694"}],"wp:attachment":[{"href":"https:\/\/kitabluemli.ch\/en\/wp-json\/wp\/v2\/media?parent=10693"}],"wp:term":[{"taxonomy":"category","embeddable":true,"href":"https:\/\/kitabluemli.ch\/en\/wp-json\/wp\/v2\/categories?post=10693"},{"taxonomy":"post_tag","embeddable":true,"href":"https:\/\/kitabluemli.ch\/en\/wp-json\/wp\/v2\/tags?post=10693"}],"curies":[{"name":"wp","href":"https:\/\/api.w.org\/{rel}","templated":true}]}}