{"id":10922,"date":"2021-12-06T07:00:25","date_gmt":"2021-12-06T06:00:25","guid":{"rendered":"https:\/\/eager-austin.188-34-163-140.plesk.page\/?p=10922"},"modified":"2021-12-06T07:00:25","modified_gmt":"2021-12-06T06:00:25","slug":"samichlaus-2021","status":"publish","type":"post","link":"https:\/\/kitabluemli.ch\/en\/samichlaus-2021\/","title":{"rendered":"Samichlaus 2021"},"content":{"rendered":"<p>Wir w\u00fcnschen allen eine Wunderschonen Samichlaus Tag.<\/p>\n<p>Und hier noch ein tolles Grittib\u00e4nze Rezept von Swissmilk:<\/p>\n<p>Zutaten f\u00fcr 4 St\u00fcck<\/p>\n<p>Backpapier f\u00fcr das Backblech<\/p>\n<p>Teig:<br \/>\n500 g Mehl, z.B. Zopfmehl<br \/>\n\u00bd EL Salz<br \/>\n2 TL Zucker<br \/>\n75 g Butter, weich<br \/>\n\u00bd W\u00fcrfel Hefe (21 g), zerbr\u00f6ckelt<br \/>\n2,75 dl Milch, lauwarm<\/p>\n<p>Verzierungen:<br \/>\nHaseln\u00fcsse, Baumn\u00fcsse, Sultaninen, Hagelzucker<br \/>\n1 Ei verklopft, zum Bestreichen<\/p>\n<p>Zubereitung<\/p>\n<p>F\u00fcr den Teig Mehl, Salz und Zucker mischen, eine Mulde formen. Butter in kleinen St\u00fccken in die Mulde geben. Die Hefe mit 0,5 dl Milch aufl\u00f6sen, mit der restlichen Milch in die Mulde giessen. Alles zu einem Teig zusammenf\u00fcgen. Teig kneten, bis er weich und elastisch ist, mindestens 10 Minuten. (Beim Aufschneiden mit einem Messer sollen kleine Luftblasen sichtbar sein.) Teig in der Sch\u00fcssel unter einem aufgeschnittenen Plastikbeutel bei Zimmertemperatur auf das Doppelte aufgehen lassen. Den aufgegangenen Teig nicht mehr kneten.<\/p>\n<p>Teig vierteln, wenig davon f\u00fcr die Verzierung beiseitelegen, jeden Viertel zu einer ovalen Form drehen, dabei den Teig einrollen und die Oberfl\u00e4che glatt ziehen.<\/p>\n<p>F\u00fcr den Kopf auf beiden Seiten der Teigrollen mit dem Teighorn je ein Dreieck herausschneiden, f\u00fcr Arme und Beine Teig einschneiden.<\/p>\n<p>Verzierungen: Sultaninen, N\u00fcsse usw. tief in den Teig dr\u00fccken, mit restlichem Teig Verzierungen formen wie Halstuch, M\u00fctze, Gurt usw., Verzierungen mit wenig Wasser ankleben, f\u00fcr Haare mit einer Schere Zacken in den Kopf schneiden.<\/p>\n<p>Grittib\u00e4nze auf mit Backpapier belegten Blechr\u00fccken legen, mit verklopftem Ei bestreichen, in die untere H\u00e4lfte des kalten Ofens schieben, Ofen auf 200 \u00b0C einschalten.<\/p>\n<p>Backzeit: 30-40 Minuten.<br \/>\nBackprobe: Der Grittib\u00e4nz ist fertig, wenn es beim Klopfen auf die Unterseite hohl t\u00f6nt.<\/p>\n<p>Quelle:\u00a0<a href=\"http:\/\/www.swissmilk.ch\/de\/rezepte\/HWL_BACKEN_1999_12\/grittibaenze.html?qe=2881&amp;qd=1&amp;nr=1\" target=\"_blank\" rel=\"noopener\">swissmilk.ch<\/a><\/p>","protected":false},"excerpt":{"rendered":"<p>Wir w\u00fcnschen allen eine Wunderschonen Samichlaus Tag. Und hier noch ein tolles Grittib\u00e4nze Rezept von Swissmilk: Zutaten f\u00fcr 4 St\u00fcck Backpapier f\u00fcr das Backblech Teig: 500 g Mehl, z.B. Zopfmehl \u00bd EL Salz 2 TL Zucker 75 g Butter, weich \u00bd W\u00fcrfel Hefe (21 g), zerbr\u00f6ckelt 2,75 dl Milch, lauwarm Verzierungen: Haseln\u00fcsse, Baumn\u00fcsse, Sultaninen, Hagelzucker [&hellip;]<\/p>\n","protected":false},"author":2,"featured_media":10923,"comment_status":"closed","ping_status":"closed","sticky":false,"template":"","format":"standard","meta":{"footnotes":""},"categories":[1,519,520],"tags":[],"class_list":["post-10922","post","type-post","status-publish","format-standard","has-post-thumbnail","hentry","category-allgemein-blog","category-kinderkrippe-blog","category-waldkinderkrippe-blog"],"_links":{"self":[{"href":"https:\/\/kitabluemli.ch\/en\/wp-json\/wp\/v2\/posts\/10922","targetHints":{"allow":["GET"]}}],"collection":[{"href":"https:\/\/kitabluemli.ch\/en\/wp-json\/wp\/v2\/posts"}],"about":[{"href":"https:\/\/kitabluemli.ch\/en\/wp-json\/wp\/v2\/types\/post"}],"author":[{"embeddable":true,"href":"https:\/\/kitabluemli.ch\/en\/wp-json\/wp\/v2\/users\/2"}],"replies":[{"embeddable":true,"href":"https:\/\/kitabluemli.ch\/en\/wp-json\/wp\/v2\/comments?post=10922"}],"version-history":[{"count":0,"href":"https:\/\/kitabluemli.ch\/en\/wp-json\/wp\/v2\/posts\/10922\/revisions"}],"wp:featuredmedia":[{"embeddable":true,"href":"https:\/\/kitabluemli.ch\/en\/wp-json\/wp\/v2\/media\/10923"}],"wp:attachment":[{"href":"https:\/\/kitabluemli.ch\/en\/wp-json\/wp\/v2\/media?parent=10922"}],"wp:term":[{"taxonomy":"category","embeddable":true,"href":"https:\/\/kitabluemli.ch\/en\/wp-json\/wp\/v2\/categories?post=10922"},{"taxonomy":"post_tag","embeddable":true,"href":"https:\/\/kitabluemli.ch\/en\/wp-json\/wp\/v2\/tags?post=10922"}],"curies":[{"name":"wp","href":"https:\/\/api.w.org\/{rel}","templated":true}]}}