{"id":10937,"date":"2021-12-15T07:00:56","date_gmt":"2021-12-15T06:00:56","guid":{"rendered":"https:\/\/eager-austin.188-34-163-140.plesk.page\/?p=10937"},"modified":"2021-12-15T07:00:56","modified_gmt":"2021-12-15T06:00:56","slug":"besuch-auf-dem-zu%cc%88rcher-wienachtsdorf","status":"publish","type":"post","link":"https:\/\/kitabluemli.ch\/en\/besuch-auf-dem-zu%cc%88rcher-wienachtsdorf\/","title":{"rendered":"Besuch auf dem Zu\u0308rcher Wienachtsdorf"},"content":{"rendered":"<p>Auch dieses Jahr haben wir den <a href=\"https:\/\/www.wienachtsdorf.ch\/\" target=\"_blank\" rel=\"noopener\">Z\u00fcrcher Wienachtsdorf<\/a> besucht. Bis am 23. Dezember 2021 auf dem Sechsel\u00e4utenplatz in Z\u00fcrich.<\/p>","protected":false},"excerpt":{"rendered":"<p>Auch dieses Jahr haben wir den Z\u00fcrcher Wienachtsdorf besucht. Bis am 23. Dezember 2021 auf dem Sechsel\u00e4utenplatz in Z\u00fcrich.<\/p>","protected":false},"author":2,"featured_media":10938,"comment_status":"closed","ping_status":"closed","sticky":false,"template":"","format":"standard","meta":{"footnotes":""},"categories":[519],"tags":[],"class_list":["post-10937","post","type-post","status-publish","format-standard","has-post-thumbnail","hentry","category-kinderkrippe-blog"],"_links":{"self":[{"href":"https:\/\/kitabluemli.ch\/en\/wp-json\/wp\/v2\/posts\/10937","targetHints":{"allow":["GET"]}}],"collection":[{"href":"https:\/\/kitabluemli.ch\/en\/wp-json\/wp\/v2\/posts"}],"about":[{"href":"https:\/\/kitabluemli.ch\/en\/wp-json\/wp\/v2\/types\/post"}],"author":[{"embeddable":true,"href":"https:\/\/kitabluemli.ch\/en\/wp-json\/wp\/v2\/users\/2"}],"replies":[{"embeddable":true,"href":"https:\/\/kitabluemli.ch\/en\/wp-json\/wp\/v2\/comments?post=10937"}],"version-history":[{"count":0,"href":"https:\/\/kitabluemli.ch\/en\/wp-json\/wp\/v2\/posts\/10937\/revisions"}],"wp:featuredmedia":[{"embeddable":true,"href":"https:\/\/kitabluemli.ch\/en\/wp-json\/wp\/v2\/media\/10938"}],"wp:attachment":[{"href":"https:\/\/kitabluemli.ch\/en\/wp-json\/wp\/v2\/media?parent=10937"}],"wp:term":[{"taxonomy":"category","embeddable":true,"href":"https:\/\/kitabluemli.ch\/en\/wp-json\/wp\/v2\/categories?post=10937"},{"taxonomy":"post_tag","embeddable":true,"href":"https:\/\/kitabluemli.ch\/en\/wp-json\/wp\/v2\/tags?post=10937"}],"curies":[{"name":"wp","href":"https:\/\/api.w.org\/{rel}","templated":true}]}}