{"id":10967,"date":"2022-01-01T07:00:38","date_gmt":"2022-01-01T06:00:38","guid":{"rendered":"https:\/\/eager-austin.188-34-163-140.plesk.page\/?p=10967"},"modified":"2022-01-01T07:00:38","modified_gmt":"2022-01-01T06:00:38","slug":"alles-gute-zum-neuen-jahr-2022","status":"publish","type":"post","link":"https:\/\/kitabluemli.ch\/en\/alles-gute-zum-neuen-jahr-2022\/","title":{"rendered":"Alles gute zum neuen Jahr 2022"},"content":{"rendered":"<p>Wir w\u00fcnschen allen ein gl\u00fcckliches und gesundes neues Jahr 2022.<\/p>\n<p>Ab Montag, den 03. Januar 2022 sind wir wieder f\u00fcr Sie da.<\/p>","protected":false},"excerpt":{"rendered":"<p>Wir w\u00fcnschen allen ein gl\u00fcckliches und gesundes neues Jahr 2022. Ab Montag, den 03. Januar 2022 sind wir wieder f\u00fcr Sie da.<\/p>","protected":false},"author":2,"featured_media":10968,"comment_status":"closed","ping_status":"closed","sticky":false,"template":"","format":"standard","meta":{"footnotes":""},"categories":[1,519,520],"tags":[],"class_list":["post-10967","post","type-post","status-publish","format-standard","has-post-thumbnail","hentry","category-allgemein-blog","category-kinderkrippe-blog","category-waldkinderkrippe-blog"],"_links":{"self":[{"href":"https:\/\/kitabluemli.ch\/en\/wp-json\/wp\/v2\/posts\/10967","targetHints":{"allow":["GET"]}}],"collection":[{"href":"https:\/\/kitabluemli.ch\/en\/wp-json\/wp\/v2\/posts"}],"about":[{"href":"https:\/\/kitabluemli.ch\/en\/wp-json\/wp\/v2\/types\/post"}],"author":[{"embeddable":true,"href":"https:\/\/kitabluemli.ch\/en\/wp-json\/wp\/v2\/users\/2"}],"replies":[{"embeddable":true,"href":"https:\/\/kitabluemli.ch\/en\/wp-json\/wp\/v2\/comments?post=10967"}],"version-history":[{"count":0,"href":"https:\/\/kitabluemli.ch\/en\/wp-json\/wp\/v2\/posts\/10967\/revisions"}],"wp:featuredmedia":[{"embeddable":true,"href":"https:\/\/kitabluemli.ch\/en\/wp-json\/wp\/v2\/media\/10968"}],"wp:attachment":[{"href":"https:\/\/kitabluemli.ch\/en\/wp-json\/wp\/v2\/media?parent=10967"}],"wp:term":[{"taxonomy":"category","embeddable":true,"href":"https:\/\/kitabluemli.ch\/en\/wp-json\/wp\/v2\/categories?post=10967"},{"taxonomy":"post_tag","embeddable":true,"href":"https:\/\/kitabluemli.ch\/en\/wp-json\/wp\/v2\/tags?post=10967"}],"curies":[{"name":"wp","href":"https:\/\/api.w.org\/{rel}","templated":true}]}}