{"id":11046,"date":"2022-02-10T07:00:48","date_gmt":"2022-02-10T06:00:48","guid":{"rendered":"https:\/\/eager-austin.188-34-163-140.plesk.page\/?p=11046"},"modified":"2022-02-10T07:00:48","modified_gmt":"2022-02-10T06:00:48","slug":"unser-waldtag","status":"publish","type":"post","link":"https:\/\/kitabluemli.ch\/en\/unser-waldtag\/","title":{"rendered":"Unser Waldtag"},"content":{"rendered":"<p><strong>Unser Tagesablauf in die Waldkinderkrippe passt sich den aktuellen Jahreszeiten und Wetterumst\u00e4nden an.<\/strong><\/p>\n<p><strong>Mai bis Ende September<\/strong>:\u00a0In diesen Monaten verbringen wir die meiste Zeit vom Tag im Wald.\u00a0Nach dem alle Kinder bis sp\u00e4testens 9 Uhr in der Kita angekommen sind, wir unser Morgenkreis gemacht haben und uns mit einem gesunden Z\u2019n\u00fcni gest\u00e4rkt haben, machen wir uns auf dem Weg in den Wald. Dort geniessen wir die Natur in vollen Z\u00fcgen, in dem wir Dinge sammeln, entdecken, experimentieren, klettern, spielen, singen, basteln, kochen und schlafen.<\/p>\n<p><strong>Oktober bis Ende April:<\/strong> In diesen Monaten sind wir ein bisschen weniger im Wald.\u00a0Wir gehen f\u00fcr das Mittagessen und den Mittagsschlaf in die Kita zur\u00fcck. Nach dem Mittagsschlaf verbringen wir unseren Nachmittag wieder an der frischen Luft im Wald.\u00a0Ab 16.30 Uhr sind wir in der Kinderkrippe zur\u00fcck.<\/p>","protected":false},"excerpt":{"rendered":"<p>Unser Tagesablauf in die Waldkinderkrippe passt sich den aktuellen Jahreszeiten und Wetterumst\u00e4nden an. Mai bis Ende September:\u00a0In diesen Monaten verbringen wir die meiste Zeit vom Tag im Wald.\u00a0Nach dem alle Kinder bis sp\u00e4testens 9 Uhr in der Kita angekommen sind, wir unser Morgenkreis gemacht haben und uns mit einem gesunden Z\u2019n\u00fcni gest\u00e4rkt haben, machen wir [&hellip;]<\/p>\n","protected":false},"author":2,"featured_media":11048,"comment_status":"closed","ping_status":"closed","sticky":false,"template":"","format":"standard","meta":{"footnotes":""},"categories":[520],"tags":[],"class_list":["post-11046","post","type-post","status-publish","format-standard","has-post-thumbnail","hentry","category-waldkinderkrippe-blog"],"_links":{"self":[{"href":"https:\/\/kitabluemli.ch\/en\/wp-json\/wp\/v2\/posts\/11046","targetHints":{"allow":["GET"]}}],"collection":[{"href":"https:\/\/kitabluemli.ch\/en\/wp-json\/wp\/v2\/posts"}],"about":[{"href":"https:\/\/kitabluemli.ch\/en\/wp-json\/wp\/v2\/types\/post"}],"author":[{"embeddable":true,"href":"https:\/\/kitabluemli.ch\/en\/wp-json\/wp\/v2\/users\/2"}],"replies":[{"embeddable":true,"href":"https:\/\/kitabluemli.ch\/en\/wp-json\/wp\/v2\/comments?post=11046"}],"version-history":[{"count":0,"href":"https:\/\/kitabluemli.ch\/en\/wp-json\/wp\/v2\/posts\/11046\/revisions"}],"wp:featuredmedia":[{"embeddable":true,"href":"https:\/\/kitabluemli.ch\/en\/wp-json\/wp\/v2\/media\/11048"}],"wp:attachment":[{"href":"https:\/\/kitabluemli.ch\/en\/wp-json\/wp\/v2\/media?parent=11046"}],"wp:term":[{"taxonomy":"category","embeddable":true,"href":"https:\/\/kitabluemli.ch\/en\/wp-json\/wp\/v2\/categories?post=11046"},{"taxonomy":"post_tag","embeddable":true,"href":"https:\/\/kitabluemli.ch\/en\/wp-json\/wp\/v2\/tags?post=11046"}],"curies":[{"name":"wp","href":"https:\/\/api.w.org\/{rel}","templated":true}]}}