{"id":11243,"date":"2022-03-13T07:00:41","date_gmt":"2022-03-13T06:00:41","guid":{"rendered":"https:\/\/eager-austin.188-34-163-140.plesk.page\/?p=11243"},"modified":"2022-03-13T07:00:41","modified_gmt":"2022-03-13T06:00:41","slug":"unterwegs-im-wald","status":"publish","type":"post","link":"https:\/\/kitabluemli.ch\/en\/unterwegs-im-wald\/","title":{"rendered":"Unterwegs im Wald"},"content":{"rendered":"<p>Nach dem alle Kinder bis sp\u00e4testens 9 Uhr in der Kita angekommen sind, wir unser Morgenkreis gemacht haben und uns mit einem gesunden Zn\u00fcni gest\u00e4rkt haben, machen wir uns auf dem Weg in den Wald.<\/p>\n<p>Dort geniessen wir die Natur in vollen Z\u00fcgen, in dem wir Dinge sammeln, entdecken, experimentieren, klettern, spielen, singen, basteln und kochen.<\/p>\n<p>Wir gehen f\u00fcr das Mittagessen und den Mittagsschlaf in die Kita zur\u00fcck.<\/p>\n<p>Nach dem Mittagsschlaf verbringen wir unseren Nachmittag wieder an der frischen Luft im Wald. Ab 16.30 Uhr sind wir in der Kinderkrippe zur\u00fcck.<\/p>","protected":false},"excerpt":{"rendered":"<p>Nach dem alle Kinder bis sp\u00e4testens 9 Uhr in der Kita angekommen sind, wir unser Morgenkreis gemacht haben und uns mit einem gesunden Zn\u00fcni gest\u00e4rkt haben, machen wir uns auf dem Weg in den Wald. Dort geniessen wir die Natur in vollen Z\u00fcgen, in dem wir Dinge sammeln, entdecken, experimentieren, klettern, spielen, singen, basteln und [&hellip;]<\/p>\n","protected":false},"author":2,"featured_media":11244,"comment_status":"closed","ping_status":"closed","sticky":false,"template":"","format":"standard","meta":{"footnotes":""},"categories":[520],"tags":[],"class_list":["post-11243","post","type-post","status-publish","format-standard","has-post-thumbnail","hentry","category-waldkinderkrippe-blog"],"_links":{"self":[{"href":"https:\/\/kitabluemli.ch\/en\/wp-json\/wp\/v2\/posts\/11243","targetHints":{"allow":["GET"]}}],"collection":[{"href":"https:\/\/kitabluemli.ch\/en\/wp-json\/wp\/v2\/posts"}],"about":[{"href":"https:\/\/kitabluemli.ch\/en\/wp-json\/wp\/v2\/types\/post"}],"author":[{"embeddable":true,"href":"https:\/\/kitabluemli.ch\/en\/wp-json\/wp\/v2\/users\/2"}],"replies":[{"embeddable":true,"href":"https:\/\/kitabluemli.ch\/en\/wp-json\/wp\/v2\/comments?post=11243"}],"version-history":[{"count":0,"href":"https:\/\/kitabluemli.ch\/en\/wp-json\/wp\/v2\/posts\/11243\/revisions"}],"wp:featuredmedia":[{"embeddable":true,"href":"https:\/\/kitabluemli.ch\/en\/wp-json\/wp\/v2\/media\/11244"}],"wp:attachment":[{"href":"https:\/\/kitabluemli.ch\/en\/wp-json\/wp\/v2\/media?parent=11243"}],"wp:term":[{"taxonomy":"category","embeddable":true,"href":"https:\/\/kitabluemli.ch\/en\/wp-json\/wp\/v2\/categories?post=11243"},{"taxonomy":"post_tag","embeddable":true,"href":"https:\/\/kitabluemli.ch\/en\/wp-json\/wp\/v2\/tags?post=11243"}],"curies":[{"name":"wp","href":"https:\/\/api.w.org\/{rel}","templated":true}]}}