{"id":11249,"date":"2022-03-15T07:00:37","date_gmt":"2022-03-15T06:00:37","guid":{"rendered":"https:\/\/eager-austin.188-34-163-140.plesk.page\/?p=11249"},"modified":"2022-03-15T07:00:37","modified_gmt":"2022-03-15T06:00:37","slug":"morgenkreis-in-die-kita","status":"publish","type":"post","link":"https:\/\/kitabluemli.ch\/en\/morgenkreis-in-die-kita\/","title":{"rendered":"Morgenkreis in die KiTa"},"content":{"rendered":"<p>Der Morgenkreis, unser gemeinsamer Start in den Tag.<\/p>\n<p>H\u00e4ufig brauchen die Kinder Zeit, um sich an die neuen Abl\u00e4ufe, die fremden Kinder und an die p\u00e4dagogischen Fachkr\u00e4fte in der KiTa zu gew\u00f6hnen. Rituale und feste Strukturen k\u00f6nnen die Eingew\u00f6hnungszeit f\u00fcr sie vereinfachen.<\/p>\n<p>Wenn die Kinder wissen, wie der Tag in der KiTa beginnt und was auf sie zukommt, f\u00e4llt es ihnen leichter, sich auf die Situation einzulassen, unser Morgenkreis hilft sie dabei.<\/p>","protected":false},"excerpt":{"rendered":"<p>Der Morgenkreis, unser gemeinsamer Start in den Tag. H\u00e4ufig brauchen die Kinder Zeit, um sich an die neuen Abl\u00e4ufe, die fremden Kinder und an die p\u00e4dagogischen Fachkr\u00e4fte in der KiTa zu gew\u00f6hnen. Rituale und feste Strukturen k\u00f6nnen die Eingew\u00f6hnungszeit f\u00fcr sie vereinfachen. Wenn die Kinder wissen, wie der Tag in der KiTa beginnt und was [&hellip;]<\/p>\n","protected":false},"author":2,"featured_media":11250,"comment_status":"closed","ping_status":"closed","sticky":false,"template":"","format":"standard","meta":{"footnotes":""},"categories":[519],"tags":[],"class_list":["post-11249","post","type-post","status-publish","format-standard","has-post-thumbnail","hentry","category-kinderkrippe-blog"],"_links":{"self":[{"href":"https:\/\/kitabluemli.ch\/en\/wp-json\/wp\/v2\/posts\/11249","targetHints":{"allow":["GET"]}}],"collection":[{"href":"https:\/\/kitabluemli.ch\/en\/wp-json\/wp\/v2\/posts"}],"about":[{"href":"https:\/\/kitabluemli.ch\/en\/wp-json\/wp\/v2\/types\/post"}],"author":[{"embeddable":true,"href":"https:\/\/kitabluemli.ch\/en\/wp-json\/wp\/v2\/users\/2"}],"replies":[{"embeddable":true,"href":"https:\/\/kitabluemli.ch\/en\/wp-json\/wp\/v2\/comments?post=11249"}],"version-history":[{"count":0,"href":"https:\/\/kitabluemli.ch\/en\/wp-json\/wp\/v2\/posts\/11249\/revisions"}],"wp:featuredmedia":[{"embeddable":true,"href":"https:\/\/kitabluemli.ch\/en\/wp-json\/wp\/v2\/media\/11250"}],"wp:attachment":[{"href":"https:\/\/kitabluemli.ch\/en\/wp-json\/wp\/v2\/media?parent=11249"}],"wp:term":[{"taxonomy":"category","embeddable":true,"href":"https:\/\/kitabluemli.ch\/en\/wp-json\/wp\/v2\/categories?post=11249"},{"taxonomy":"post_tag","embeddable":true,"href":"https:\/\/kitabluemli.ch\/en\/wp-json\/wp\/v2\/tags?post=11249"}],"curies":[{"name":"wp","href":"https:\/\/api.w.org\/{rel}","templated":true}]}}