{"id":11571,"date":"2022-11-20T18:30:51","date_gmt":"2022-11-20T17:30:51","guid":{"rendered":"https:\/\/eager-austin.188-34-163-140.plesk.page\/?p=11571"},"modified":"2022-11-20T18:30:51","modified_gmt":"2022-11-20T17:30:51","slug":"nachmittag-im-kunsthaus","status":"publish","type":"post","link":"https:\/\/kitabluemli.ch\/en\/nachmittag-im-kunsthaus\/","title":{"rendered":"Nachmittag im Kunsthaus"},"content":{"rendered":"<p>Wir waren mit den Kindern am Mittwochnachmittag im <a href=\"https:\/\/www.kunsthaus.ch\/\" target=\"_blank\" rel=\"noopener\">Kunsthaus<\/a> Z\u00fcrich. \u00dcbrigens, am Mittwoch ist die permanente Ausstellung gratis, diese haben wir besuchen d\u00fcrfen.<\/p>","protected":false},"excerpt":{"rendered":"<p>Wir waren mit den Kindern am Mittwochnachmittag im Kunsthaus Z\u00fcrich. \u00dcbrigens, am Mittwoch ist die permanente Ausstellung gratis, diese haben wir besuchen d\u00fcrfen.<\/p>","protected":false},"author":2,"featured_media":11572,"comment_status":"closed","ping_status":"closed","sticky":false,"template":"","format":"standard","meta":{"footnotes":""},"categories":[519],"tags":[],"class_list":["post-11571","post","type-post","status-publish","format-standard","has-post-thumbnail","hentry","category-kinderkrippe-blog"],"_links":{"self":[{"href":"https:\/\/kitabluemli.ch\/en\/wp-json\/wp\/v2\/posts\/11571","targetHints":{"allow":["GET"]}}],"collection":[{"href":"https:\/\/kitabluemli.ch\/en\/wp-json\/wp\/v2\/posts"}],"about":[{"href":"https:\/\/kitabluemli.ch\/en\/wp-json\/wp\/v2\/types\/post"}],"author":[{"embeddable":true,"href":"https:\/\/kitabluemli.ch\/en\/wp-json\/wp\/v2\/users\/2"}],"replies":[{"embeddable":true,"href":"https:\/\/kitabluemli.ch\/en\/wp-json\/wp\/v2\/comments?post=11571"}],"version-history":[{"count":0,"href":"https:\/\/kitabluemli.ch\/en\/wp-json\/wp\/v2\/posts\/11571\/revisions"}],"wp:featuredmedia":[{"embeddable":true,"href":"https:\/\/kitabluemli.ch\/en\/wp-json\/wp\/v2\/media\/11572"}],"wp:attachment":[{"href":"https:\/\/kitabluemli.ch\/en\/wp-json\/wp\/v2\/media?parent=11571"}],"wp:term":[{"taxonomy":"category","embeddable":true,"href":"https:\/\/kitabluemli.ch\/en\/wp-json\/wp\/v2\/categories?post=11571"},{"taxonomy":"post_tag","embeddable":true,"href":"https:\/\/kitabluemli.ch\/en\/wp-json\/wp\/v2\/tags?post=11571"}],"curies":[{"name":"wp","href":"https:\/\/api.w.org\/{rel}","templated":true}]}}