{"id":11645,"date":"2023-02-04T12:00:31","date_gmt":"2023-02-04T11:00:31","guid":{"rendered":"https:\/\/eager-austin.188-34-163-140.plesk.page\/?p=11645"},"modified":"2023-02-04T12:00:31","modified_gmt":"2023-02-04T11:00:31","slug":"benimmregeln-lernen","status":"publish","type":"post","link":"https:\/\/kitabluemli.ch\/en\/benimmregeln-lernen\/","title":{"rendered":"Benimmregeln lernen"},"content":{"rendered":"<p>Einige Benimmregeln f\u00fcr Kinder beinhalten zum Beispiel die folgenden Verhaltensweisen:<\/p>\n<ul>\n<li>Kein Weinen ohne Grund: Kinder sollten lernen, ihre Emotionen zu regulieren und ihre Tr\u00e4nen zu unterdr\u00fccken, es sei denn, es gibt einen guten Grund daf\u00fcr, wie Schmerz oder Angst.<\/li>\n<li>Kein Schlagen: Kinder sollten lernen, ihre Wut und Frustration auf andere Arten auszudr\u00fccken, anstatt andere Kinder oder Personen zu schlagen.<\/li>\n<li>Kein Wegrennen beim Spazieren: Kinder sollten lernen, sich in der \u00d6ffentlichkeit angemessen zu verhalten, indem sie beim Spazieren neben ihren Betreuern bleiben und nicht weglaufen.<\/li>\n<\/ul>\n<p>Diese Regeln sollen Kinder dabei unterst\u00fctzen, sich sozial angemessen zu verhalten und gleichzeitig ihre Sicherheit und die anderer zu gew\u00e4hrleisten.<\/p>","protected":false},"excerpt":{"rendered":"<p>Einige Benimmregeln f\u00fcr Kinder beinhalten zum Beispiel die folgenden Verhaltensweisen: Kein Weinen ohne Grund: Kinder sollten lernen, ihre Emotionen zu regulieren und ihre Tr\u00e4nen zu unterdr\u00fccken, es sei denn, es gibt einen guten Grund daf\u00fcr, wie Schmerz oder Angst. Kein Schlagen: Kinder sollten lernen, ihre Wut und Frustration auf andere Arten auszudr\u00fccken, anstatt andere Kinder [&hellip;]<\/p>\n","protected":false},"author":2,"featured_media":11646,"comment_status":"closed","ping_status":"closed","sticky":false,"template":"","format":"standard","meta":{"footnotes":""},"categories":[519],"tags":[],"class_list":["post-11645","post","type-post","status-publish","format-standard","has-post-thumbnail","hentry","category-kinderkrippe-blog"],"_links":{"self":[{"href":"https:\/\/kitabluemli.ch\/en\/wp-json\/wp\/v2\/posts\/11645","targetHints":{"allow":["GET"]}}],"collection":[{"href":"https:\/\/kitabluemli.ch\/en\/wp-json\/wp\/v2\/posts"}],"about":[{"href":"https:\/\/kitabluemli.ch\/en\/wp-json\/wp\/v2\/types\/post"}],"author":[{"embeddable":true,"href":"https:\/\/kitabluemli.ch\/en\/wp-json\/wp\/v2\/users\/2"}],"replies":[{"embeddable":true,"href":"https:\/\/kitabluemli.ch\/en\/wp-json\/wp\/v2\/comments?post=11645"}],"version-history":[{"count":0,"href":"https:\/\/kitabluemli.ch\/en\/wp-json\/wp\/v2\/posts\/11645\/revisions"}],"wp:featuredmedia":[{"embeddable":true,"href":"https:\/\/kitabluemli.ch\/en\/wp-json\/wp\/v2\/media\/11646"}],"wp:attachment":[{"href":"https:\/\/kitabluemli.ch\/en\/wp-json\/wp\/v2\/media?parent=11645"}],"wp:term":[{"taxonomy":"category","embeddable":true,"href":"https:\/\/kitabluemli.ch\/en\/wp-json\/wp\/v2\/categories?post=11645"},{"taxonomy":"post_tag","embeddable":true,"href":"https:\/\/kitabluemli.ch\/en\/wp-json\/wp\/v2\/tags?post=11645"}],"curies":[{"name":"wp","href":"https:\/\/api.w.org\/{rel}","templated":true}]}}