{"id":11652,"date":"2023-02-07T12:00:53","date_gmt":"2023-02-07T11:00:53","guid":{"rendered":"https:\/\/eager-austin.188-34-163-140.plesk.page\/?p=11652"},"modified":"2023-02-07T12:00:53","modified_gmt":"2023-02-07T11:00:53","slug":"ein-unvergesslicher-waldtag","status":"publish","type":"post","link":"https:\/\/kitabluemli.ch\/en\/ein-unvergesslicher-waldtag\/","title":{"rendered":"Ein unvergesslicher Waldtag"},"content":{"rendered":"<p>Natur erleben mit den Kita-Kindern: ein unvergesslicher Waldtag<\/p>\n<p>Die Aktivit\u00e4ten im Wald bieten Kindern die M\u00f6glichkeit, ihre Sinne zu sch\u00e4rfen und ihre Umgebung auf eine ganz neue Art und Weise wahrzunehmen. Die Erfahrungen, die Kinder w\u00e4hrend dieses Tages sammeln, werden unvergesslich bleiben und sie nachhaltig pr\u00e4gen. Ein Waldtag mit Kindern ist eine wunderbare Gelegenheit, um Kindern die Sch\u00f6nheit und Vielfalt der Natur n\u00e4herzubringen.<\/p>","protected":false},"excerpt":{"rendered":"<p>Natur erleben mit den Kita-Kindern: ein unvergesslicher Waldtag Die Aktivit\u00e4ten im Wald bieten Kindern die M\u00f6glichkeit, ihre Sinne zu sch\u00e4rfen und ihre Umgebung auf eine ganz neue Art und Weise wahrzunehmen. Die Erfahrungen, die Kinder w\u00e4hrend dieses Tages sammeln, werden unvergesslich bleiben und sie nachhaltig pr\u00e4gen. Ein Waldtag mit Kindern ist eine wunderbare Gelegenheit, um [&hellip;]<\/p>\n","protected":false},"author":2,"featured_media":11654,"comment_status":"closed","ping_status":"closed","sticky":false,"template":"","format":"standard","meta":{"footnotes":""},"categories":[520],"tags":[],"class_list":["post-11652","post","type-post","status-publish","format-standard","has-post-thumbnail","hentry","category-waldkinderkrippe-blog"],"_links":{"self":[{"href":"https:\/\/kitabluemli.ch\/en\/wp-json\/wp\/v2\/posts\/11652","targetHints":{"allow":["GET"]}}],"collection":[{"href":"https:\/\/kitabluemli.ch\/en\/wp-json\/wp\/v2\/posts"}],"about":[{"href":"https:\/\/kitabluemli.ch\/en\/wp-json\/wp\/v2\/types\/post"}],"author":[{"embeddable":true,"href":"https:\/\/kitabluemli.ch\/en\/wp-json\/wp\/v2\/users\/2"}],"replies":[{"embeddable":true,"href":"https:\/\/kitabluemli.ch\/en\/wp-json\/wp\/v2\/comments?post=11652"}],"version-history":[{"count":0,"href":"https:\/\/kitabluemli.ch\/en\/wp-json\/wp\/v2\/posts\/11652\/revisions"}],"wp:featuredmedia":[{"embeddable":true,"href":"https:\/\/kitabluemli.ch\/en\/wp-json\/wp\/v2\/media\/11654"}],"wp:attachment":[{"href":"https:\/\/kitabluemli.ch\/en\/wp-json\/wp\/v2\/media?parent=11652"}],"wp:term":[{"taxonomy":"category","embeddable":true,"href":"https:\/\/kitabluemli.ch\/en\/wp-json\/wp\/v2\/categories?post=11652"},{"taxonomy":"post_tag","embeddable":true,"href":"https:\/\/kitabluemli.ch\/en\/wp-json\/wp\/v2\/tags?post=11652"}],"curies":[{"name":"wp","href":"https:\/\/api.w.org\/{rel}","templated":true}]}}