{"id":11662,"date":"2023-02-16T12:00:13","date_gmt":"2023-02-16T11:00:13","guid":{"rendered":"https:\/\/eager-austin.188-34-163-140.plesk.page\/?p=11662"},"modified":"2025-01-03T14:49:40","modified_gmt":"2025-01-03T13:49:40","slug":"fuesse-als-pinsel-kinder-malen-ihre-umgebung-auf-neue-art-und-weise","status":"publish","type":"post","link":"https:\/\/kitabluemli.ch\/en\/fuesse-als-pinsel-kinder-malen-ihre-umgebung-auf-neue-art-und-weise\/","title":{"rendered":"F\u00fcsse als Pinsel &#8211; Kinder malen ihre Umgebung auf neue Art und Weise"},"content":{"rendered":"<p>Die Kinder werden aufgefordert, ihre Umgebung auf eine neue Art und Weise zu erleben, indem sie ihre F\u00fcsse als Pinsel einsetzen. Durch diese Methode des Malens k\u00f6nnen Kinder ihre Kreativit\u00e4t und Vorstellungskraft ausdr\u00fccken, ihre K\u00f6rperwahrnehmung und Feinmotorik f\u00f6rdern und eine neue Sicht auf die Welt um sie herum entwickeln.<\/p>\n<p>Diese Methode des Malens ist eine einzigartige Erfahrung f\u00fcr Kinder und bietet ihnen die M\u00f6glichkeit, auf neue und kreative Weise mit ihrer Umgebung in Kontakt zu treten.<\/p>","protected":false},"excerpt":{"rendered":"<p>Die Kinder werden aufgefordert, ihre Umgebung auf eine neue Art und Weise zu erleben, indem sie ihre F\u00fcsse als Pinsel einsetzen. Durch diese Methode des Malens k\u00f6nnen Kinder ihre Kreativit\u00e4t und Vorstellungskraft ausdr\u00fccken, ihre K\u00f6rperwahrnehmung und Feinmotorik f\u00f6rdern und eine neue Sicht auf die Welt um sie herum entwickeln. Diese Methode des Malens ist eine [&hellip;]<\/p>\n","protected":false},"author":2,"featured_media":11663,"comment_status":"closed","ping_status":"closed","sticky":false,"template":"","format":"standard","meta":{"footnotes":""},"categories":[519],"tags":[],"class_list":["post-11662","post","type-post","status-publish","format-standard","has-post-thumbnail","hentry","category-kinderkrippe-blog"],"_links":{"self":[{"href":"https:\/\/kitabluemli.ch\/en\/wp-json\/wp\/v2\/posts\/11662","targetHints":{"allow":["GET"]}}],"collection":[{"href":"https:\/\/kitabluemli.ch\/en\/wp-json\/wp\/v2\/posts"}],"about":[{"href":"https:\/\/kitabluemli.ch\/en\/wp-json\/wp\/v2\/types\/post"}],"author":[{"embeddable":true,"href":"https:\/\/kitabluemli.ch\/en\/wp-json\/wp\/v2\/users\/2"}],"replies":[{"embeddable":true,"href":"https:\/\/kitabluemli.ch\/en\/wp-json\/wp\/v2\/comments?post=11662"}],"version-history":[{"count":0,"href":"https:\/\/kitabluemli.ch\/en\/wp-json\/wp\/v2\/posts\/11662\/revisions"}],"wp:featuredmedia":[{"embeddable":true,"href":"https:\/\/kitabluemli.ch\/en\/wp-json\/wp\/v2\/media\/11663"}],"wp:attachment":[{"href":"https:\/\/kitabluemli.ch\/en\/wp-json\/wp\/v2\/media?parent=11662"}],"wp:term":[{"taxonomy":"category","embeddable":true,"href":"https:\/\/kitabluemli.ch\/en\/wp-json\/wp\/v2\/categories?post=11662"},{"taxonomy":"post_tag","embeddable":true,"href":"https:\/\/kitabluemli.ch\/en\/wp-json\/wp\/v2\/tags?post=11662"}],"curies":[{"name":"wp","href":"https:\/\/api.w.org\/{rel}","templated":true}]}}