{"id":11673,"date":"2023-02-25T12:00:13","date_gmt":"2023-02-25T11:00:13","guid":{"rendered":"https:\/\/eager-austin.188-34-163-140.plesk.page\/?p=11673"},"modified":"2023-02-25T12:00:13","modified_gmt":"2023-02-25T11:00:13","slug":"ein-farbenfroher-nachmittag","status":"publish","type":"post","link":"https:\/\/kitabluemli.ch\/en\/ein-farbenfroher-nachmittag\/","title":{"rendered":"Ein farbenfroher Nachmittag"},"content":{"rendered":"<p>Ein farbenfroher Nachmittag in der KiTa &#8211; Gemeinsames Malen bietet Kinder die M\u00f6glichkeit, ihre Kreativit\u00e4t und Fantasie zu entfalten, w\u00e4hrend sie gemeinsam malen. Diese Art von Aktivit\u00e4t f\u00f6rdert nicht nur die k\u00fcnstlerische Entwicklung der Kinder, sondern auch ihre F\u00e4higkeit, zusammenzuarbeiten und ihre Ideen miteinander zu teilen. Es ist auch eine tolle Gelegenheit, Kindern eine positive Erfahrung mit Farben und Formen zu bieten und ihnen zu zeigen, wie viel Freude das Malen machen kann.<\/p>","protected":false},"excerpt":{"rendered":"<p>Ein farbenfroher Nachmittag in der KiTa &#8211; Gemeinsames Malen bietet Kinder die M\u00f6glichkeit, ihre Kreativit\u00e4t und Fantasie zu entfalten, w\u00e4hrend sie gemeinsam malen. Diese Art von Aktivit\u00e4t f\u00f6rdert nicht nur die k\u00fcnstlerische Entwicklung der Kinder, sondern auch ihre F\u00e4higkeit, zusammenzuarbeiten und ihre Ideen miteinander zu teilen. Es ist auch eine tolle Gelegenheit, Kindern eine positive [&hellip;]<\/p>\n","protected":false},"author":2,"featured_media":11674,"comment_status":"closed","ping_status":"closed","sticky":false,"template":"","format":"standard","meta":{"footnotes":""},"categories":[519],"tags":[],"class_list":["post-11673","post","type-post","status-publish","format-standard","has-post-thumbnail","hentry","category-kinderkrippe-blog"],"_links":{"self":[{"href":"https:\/\/kitabluemli.ch\/en\/wp-json\/wp\/v2\/posts\/11673","targetHints":{"allow":["GET"]}}],"collection":[{"href":"https:\/\/kitabluemli.ch\/en\/wp-json\/wp\/v2\/posts"}],"about":[{"href":"https:\/\/kitabluemli.ch\/en\/wp-json\/wp\/v2\/types\/post"}],"author":[{"embeddable":true,"href":"https:\/\/kitabluemli.ch\/en\/wp-json\/wp\/v2\/users\/2"}],"replies":[{"embeddable":true,"href":"https:\/\/kitabluemli.ch\/en\/wp-json\/wp\/v2\/comments?post=11673"}],"version-history":[{"count":0,"href":"https:\/\/kitabluemli.ch\/en\/wp-json\/wp\/v2\/posts\/11673\/revisions"}],"wp:featuredmedia":[{"embeddable":true,"href":"https:\/\/kitabluemli.ch\/en\/wp-json\/wp\/v2\/media\/11674"}],"wp:attachment":[{"href":"https:\/\/kitabluemli.ch\/en\/wp-json\/wp\/v2\/media?parent=11673"}],"wp:term":[{"taxonomy":"category","embeddable":true,"href":"https:\/\/kitabluemli.ch\/en\/wp-json\/wp\/v2\/categories?post=11673"},{"taxonomy":"post_tag","embeddable":true,"href":"https:\/\/kitabluemli.ch\/en\/wp-json\/wp\/v2\/tags?post=11673"}],"curies":[{"name":"wp","href":"https:\/\/api.w.org\/{rel}","templated":true}]}}