{"id":11684,"date":"2023-02-20T18:20:17","date_gmt":"2023-02-20T17:20:17","guid":{"rendered":"https:\/\/eager-austin.188-34-163-140.plesk.page\/?p=11684"},"modified":"2023-02-20T18:20:17","modified_gmt":"2023-02-20T17:20:17","slug":"confettiregen","status":"publish","type":"post","link":"https:\/\/kitabluemli.ch\/en\/confettiregen\/","title":{"rendered":"Confettiregen"},"content":{"rendered":"<p>&#171;Confetti, Fasnacht und Kinder&#187; ist eine aufregende und farbenfrohe Kombination. Fasnacht, auch bekannt als Karneval, ist ein Fest, das in vielen L\u00e4ndern gefeiert wird und oft mit Kost\u00fcmen, Musik und Tanz verbunden ist.<\/p>\n<p>Confetti sind kleine bunte Papierschnipsel, die oft w\u00e4hrend des Fasnachtsfests geworfen oder gestreut werden. F\u00fcr Kinder ist die Fasnacht oft ein aufregendes Ereignis, bei dem sie sich verkleiden und in eine andere Rolle schl\u00fcpfen k\u00f6nnen. Confetti f\u00fcgen der Fasnachtsstimmung eine zus\u00e4tzliche Komponente hinzu, die das Fest noch bunter und fr\u00f6hlicher macht. Es ist jedoch wichtig sicherzustellen, dass die Kinder sicher mit Confetti umgehen, um Unf\u00e4lle zu vermeiden.<\/p>\n<p>Es ist auch eine gute Gelegenheit, den Kindern \u00fcber die kulturellen Hintergr\u00fcnde des Fasnachtsfests zu erz\u00e4hlen und sie dazu zu ermutigen, ihre eigenen Kost\u00fcme und Confetti zu gestalten.<\/p>","protected":false},"excerpt":{"rendered":"<p>&#171;Confetti, Fasnacht und Kinder&#187; ist eine aufregende und farbenfrohe Kombination. Fasnacht, auch bekannt als Karneval, ist ein Fest, das in vielen L\u00e4ndern gefeiert wird und oft mit Kost\u00fcmen, Musik und Tanz verbunden ist. Confetti sind kleine bunte Papierschnipsel, die oft w\u00e4hrend des Fasnachtsfests geworfen oder gestreut werden. F\u00fcr Kinder ist die Fasnacht oft ein aufregendes [&hellip;]<\/p>\n","protected":false},"author":2,"featured_media":11685,"comment_status":"closed","ping_status":"closed","sticky":false,"template":"","format":"standard","meta":{"footnotes":""},"categories":[519],"tags":[],"class_list":["post-11684","post","type-post","status-publish","format-standard","has-post-thumbnail","hentry","category-kinderkrippe-blog"],"_links":{"self":[{"href":"https:\/\/kitabluemli.ch\/en\/wp-json\/wp\/v2\/posts\/11684","targetHints":{"allow":["GET"]}}],"collection":[{"href":"https:\/\/kitabluemli.ch\/en\/wp-json\/wp\/v2\/posts"}],"about":[{"href":"https:\/\/kitabluemli.ch\/en\/wp-json\/wp\/v2\/types\/post"}],"author":[{"embeddable":true,"href":"https:\/\/kitabluemli.ch\/en\/wp-json\/wp\/v2\/users\/2"}],"replies":[{"embeddable":true,"href":"https:\/\/kitabluemli.ch\/en\/wp-json\/wp\/v2\/comments?post=11684"}],"version-history":[{"count":0,"href":"https:\/\/kitabluemli.ch\/en\/wp-json\/wp\/v2\/posts\/11684\/revisions"}],"wp:featuredmedia":[{"embeddable":true,"href":"https:\/\/kitabluemli.ch\/en\/wp-json\/wp\/v2\/media\/11685"}],"wp:attachment":[{"href":"https:\/\/kitabluemli.ch\/en\/wp-json\/wp\/v2\/media?parent=11684"}],"wp:term":[{"taxonomy":"category","embeddable":true,"href":"https:\/\/kitabluemli.ch\/en\/wp-json\/wp\/v2\/categories?post=11684"},{"taxonomy":"post_tag","embeddable":true,"href":"https:\/\/kitabluemli.ch\/en\/wp-json\/wp\/v2\/tags?post=11684"}],"curies":[{"name":"wp","href":"https:\/\/api.w.org\/{rel}","templated":true}]}}