{"id":11689,"date":"2023-02-23T12:00:51","date_gmt":"2023-02-23T11:00:51","guid":{"rendered":"https:\/\/eager-austin.188-34-163-140.plesk.page\/?p=11689"},"modified":"2023-02-23T12:00:51","modified_gmt":"2023-02-23T11:00:51","slug":"fasnachtsmasken-basteln","status":"publish","type":"post","link":"https:\/\/kitabluemli.ch\/en\/fasnachtsmasken-basteln\/","title":{"rendered":"Fasnachtsmasken basteln"},"content":{"rendered":"<p>Das Basteln von Fastnachtsmasken ist eine unterhaltsame und kreative Aktivit\u00e4t, die Kinder begeistert. Es bietet ihnen die M\u00f6glichkeit, ihre Fantasie und Kreativit\u00e4t auszuleben und ihre eigene Maske zu gestalten. Dabei k\u00f6nnen sie ihre Lieblingsfarben und -muster verwenden oder ihrer Vorstellungskraft freien Lauf lassen und einzigartige Masken kreieren.<\/p>\n<p>Ausserdem f\u00f6rdert das Basteln von Fastnachtsmasken die Feinmotorik und Hand-Augen-Koordination der Kinder. Dar\u00fcber hinaus k\u00f6nnen die Masken dazu beitragen, dass sich Kinder w\u00e4hrend des Faschingsfests sicher und selbstbewusst f\u00fchlen, wenn sie in ihren Kost\u00fcmen und Masken unterwegs sind. Das gemeinsame Basteln kann auch ein soziales Ereignis sein, bei dem Kinder ihre Ideen teilen und sich gegenseitig helfen k\u00f6nnen.<\/p>","protected":false},"excerpt":{"rendered":"<p>Das Basteln von Fastnachtsmasken ist eine unterhaltsame und kreative Aktivit\u00e4t, die Kinder begeistert. Es bietet ihnen die M\u00f6glichkeit, ihre Fantasie und Kreativit\u00e4t auszuleben und ihre eigene Maske zu gestalten. Dabei k\u00f6nnen sie ihre Lieblingsfarben und -muster verwenden oder ihrer Vorstellungskraft freien Lauf lassen und einzigartige Masken kreieren. Ausserdem f\u00f6rdert das Basteln von Fastnachtsmasken die Feinmotorik [&hellip;]<\/p>\n","protected":false},"author":2,"featured_media":11690,"comment_status":"closed","ping_status":"closed","sticky":false,"template":"","format":"standard","meta":{"footnotes":""},"categories":[519],"tags":[],"class_list":["post-11689","post","type-post","status-publish","format-standard","has-post-thumbnail","hentry","category-kinderkrippe-blog"],"_links":{"self":[{"href":"https:\/\/kitabluemli.ch\/en\/wp-json\/wp\/v2\/posts\/11689","targetHints":{"allow":["GET"]}}],"collection":[{"href":"https:\/\/kitabluemli.ch\/en\/wp-json\/wp\/v2\/posts"}],"about":[{"href":"https:\/\/kitabluemli.ch\/en\/wp-json\/wp\/v2\/types\/post"}],"author":[{"embeddable":true,"href":"https:\/\/kitabluemli.ch\/en\/wp-json\/wp\/v2\/users\/2"}],"replies":[{"embeddable":true,"href":"https:\/\/kitabluemli.ch\/en\/wp-json\/wp\/v2\/comments?post=11689"}],"version-history":[{"count":0,"href":"https:\/\/kitabluemli.ch\/en\/wp-json\/wp\/v2\/posts\/11689\/revisions"}],"wp:featuredmedia":[{"embeddable":true,"href":"https:\/\/kitabluemli.ch\/en\/wp-json\/wp\/v2\/media\/11690"}],"wp:attachment":[{"href":"https:\/\/kitabluemli.ch\/en\/wp-json\/wp\/v2\/media?parent=11689"}],"wp:term":[{"taxonomy":"category","embeddable":true,"href":"https:\/\/kitabluemli.ch\/en\/wp-json\/wp\/v2\/categories?post=11689"},{"taxonomy":"post_tag","embeddable":true,"href":"https:\/\/kitabluemli.ch\/en\/wp-json\/wp\/v2\/tags?post=11689"}],"curies":[{"name":"wp","href":"https:\/\/api.w.org\/{rel}","templated":true}]}}