{"id":11693,"date":"2023-02-27T10:00:17","date_gmt":"2023-02-27T09:00:17","guid":{"rendered":"https:\/\/eager-austin.188-34-163-140.plesk.page\/?p=11693"},"modified":"2023-02-27T10:00:17","modified_gmt":"2023-02-27T09:00:17","slug":"zoo-zuerich-ausflug","status":"publish","type":"post","link":"https:\/\/kitabluemli.ch\/en\/zoo-zuerich-ausflug\/","title":{"rendered":"Zoo Zu\u0308rich Ausflug"},"content":{"rendered":"<p>Am letzten Freitag haben wir mit den Kindern unserer Kindergartenkrippe einen Ausflug in den <a href=\"https:\/\/www.zoo.ch\/\" target=\"_blank\" rel=\"noopener\">Zoo von Z\u00fcrich<\/a> unternommen. Die Kinder waren begeistert von den verschiedenen Tieren, die sie sehen konnten, und sie hatten viel Spass dabei, die verschiedenen Gehege zu erkunden.<\/p>\n<p>Wir haben den Elefanten beim Baden zugesehen, die Giraffen beim Grasen beobachtet und die exotischen V\u00f6gel bewundert. Die Kinder waren auch begeistert von den Tierf\u00fctterungen und den interaktiven Aktivit\u00e4ten, bei denen sie die Tiere hautnah erleben konnten. Wir haben auch den Kinderspielplatz besucht, auf dem die Kinder ihre Energie ausleben und spielen konnten.<\/p>\n<p>Der Ausflug in den Zoo war eine wunderbare Gelegenheit f\u00fcr die Kinder, ihre Beziehung zur Natur und zu den Tieren zu st\u00e4rken und gleichzeitig viel Spass zu haben. Es war ein unvergesslicher Tag f\u00fcr alle Beteiligten.<\/p>\n<p>&nbsp;<\/p>\n<p>&nbsp;<\/p>","protected":false},"excerpt":{"rendered":"<p>Am letzten Freitag haben wir mit den Kindern unserer Kindergartenkrippe einen Ausflug in den Zoo von Z\u00fcrich unternommen. Die Kinder waren begeistert von den verschiedenen Tieren, die sie sehen konnten, und sie hatten viel Spass dabei, die verschiedenen Gehege zu erkunden. Wir haben den Elefanten beim Baden zugesehen, die Giraffen beim Grasen beobachtet und die [&hellip;]<\/p>\n","protected":false},"author":2,"featured_media":11694,"comment_status":"closed","ping_status":"closed","sticky":false,"template":"","format":"standard","meta":{"footnotes":""},"categories":[519],"tags":[],"class_list":["post-11693","post","type-post","status-publish","format-standard","has-post-thumbnail","hentry","category-kinderkrippe-blog"],"_links":{"self":[{"href":"https:\/\/kitabluemli.ch\/en\/wp-json\/wp\/v2\/posts\/11693","targetHints":{"allow":["GET"]}}],"collection":[{"href":"https:\/\/kitabluemli.ch\/en\/wp-json\/wp\/v2\/posts"}],"about":[{"href":"https:\/\/kitabluemli.ch\/en\/wp-json\/wp\/v2\/types\/post"}],"author":[{"embeddable":true,"href":"https:\/\/kitabluemli.ch\/en\/wp-json\/wp\/v2\/users\/2"}],"replies":[{"embeddable":true,"href":"https:\/\/kitabluemli.ch\/en\/wp-json\/wp\/v2\/comments?post=11693"}],"version-history":[{"count":0,"href":"https:\/\/kitabluemli.ch\/en\/wp-json\/wp\/v2\/posts\/11693\/revisions"}],"wp:featuredmedia":[{"embeddable":true,"href":"https:\/\/kitabluemli.ch\/en\/wp-json\/wp\/v2\/media\/11694"}],"wp:attachment":[{"href":"https:\/\/kitabluemli.ch\/en\/wp-json\/wp\/v2\/media?parent=11693"}],"wp:term":[{"taxonomy":"category","embeddable":true,"href":"https:\/\/kitabluemli.ch\/en\/wp-json\/wp\/v2\/categories?post=11693"},{"taxonomy":"post_tag","embeddable":true,"href":"https:\/\/kitabluemli.ch\/en\/wp-json\/wp\/v2\/tags?post=11693"}],"curies":[{"name":"wp","href":"https:\/\/api.w.org\/{rel}","templated":true}]}}