{"id":11717,"date":"2023-03-12T12:00:36","date_gmt":"2023-03-12T11:00:36","guid":{"rendered":"https:\/\/eager-austin.188-34-163-140.plesk.page\/?p=11717"},"modified":"2023-03-12T12:00:36","modified_gmt":"2023-03-12T11:00:36","slug":"gemuese-ruesten-2","status":"publish","type":"post","link":"https:\/\/kitabluemli.ch\/en\/gemuese-ruesten-2\/","title":{"rendered":"Gemu\u0308se ru\u0308sten"},"content":{"rendered":"<p>Das R\u00fcsten von Gem\u00fcse ist eine tolle Aktivit\u00e4t, um den Kindern zu zeigen, woher ihr Essen kommt und wie es zubereitet wird.<\/p>\n<p>In unsere Kinderkrippe haben wir das R\u00fcsten von Gem\u00fcse als Teil unseres Ern\u00e4hrungsbildungsprogramms eingef\u00fchrt. Wir beginnen damit, den Kindern zu zeigen, wie sie verschiedene Gem\u00fcsesorten wie Karotten, Gurken und Paprika waschen und schneiden k\u00f6nnen.<\/p>\n<p>Wir ermutigen die Kinder, mit verschiedenen Formen und Gr\u00f6ssen zu experimentieren und ihre eigenen kreativen Gem\u00fcse-Snacks zu kreieren. Dies f\u00f6rdert ihre Feinmotorik und ihre F\u00e4higkeiten im Umgang mit K\u00fcchenger\u00e4ten. Dar\u00fcber hinaus bietet diese Aktivit\u00e4t auch eine Gelegenheit, den Kindern \u00fcber gesunde Ern\u00e4hrung und die Bedeutung von Gem\u00fcse in einer ausgewogenen Ern\u00e4hrung zu unterrichten.<\/p>","protected":false},"excerpt":{"rendered":"<p>Das R\u00fcsten von Gem\u00fcse ist eine tolle Aktivit\u00e4t, um den Kindern zu zeigen, woher ihr Essen kommt und wie es zubereitet wird. In unsere Kinderkrippe haben wir das R\u00fcsten von Gem\u00fcse als Teil unseres Ern\u00e4hrungsbildungsprogramms eingef\u00fchrt. Wir beginnen damit, den Kindern zu zeigen, wie sie verschiedene Gem\u00fcsesorten wie Karotten, Gurken und Paprika waschen und schneiden [&hellip;]<\/p>\n","protected":false},"author":2,"featured_media":11718,"comment_status":"closed","ping_status":"closed","sticky":false,"template":"","format":"standard","meta":{"footnotes":""},"categories":[519],"tags":[],"class_list":["post-11717","post","type-post","status-publish","format-standard","has-post-thumbnail","hentry","category-kinderkrippe-blog"],"_links":{"self":[{"href":"https:\/\/kitabluemli.ch\/en\/wp-json\/wp\/v2\/posts\/11717","targetHints":{"allow":["GET"]}}],"collection":[{"href":"https:\/\/kitabluemli.ch\/en\/wp-json\/wp\/v2\/posts"}],"about":[{"href":"https:\/\/kitabluemli.ch\/en\/wp-json\/wp\/v2\/types\/post"}],"author":[{"embeddable":true,"href":"https:\/\/kitabluemli.ch\/en\/wp-json\/wp\/v2\/users\/2"}],"replies":[{"embeddable":true,"href":"https:\/\/kitabluemli.ch\/en\/wp-json\/wp\/v2\/comments?post=11717"}],"version-history":[{"count":0,"href":"https:\/\/kitabluemli.ch\/en\/wp-json\/wp\/v2\/posts\/11717\/revisions"}],"wp:featuredmedia":[{"embeddable":true,"href":"https:\/\/kitabluemli.ch\/en\/wp-json\/wp\/v2\/media\/11718"}],"wp:attachment":[{"href":"https:\/\/kitabluemli.ch\/en\/wp-json\/wp\/v2\/media?parent=11717"}],"wp:term":[{"taxonomy":"category","embeddable":true,"href":"https:\/\/kitabluemli.ch\/en\/wp-json\/wp\/v2\/categories?post=11717"},{"taxonomy":"post_tag","embeddable":true,"href":"https:\/\/kitabluemli.ch\/en\/wp-json\/wp\/v2\/tags?post=11717"}],"curies":[{"name":"wp","href":"https:\/\/api.w.org\/{rel}","templated":true}]}}