{"id":11725,"date":"2023-03-13T12:00:35","date_gmt":"2023-03-13T11:00:35","guid":{"rendered":"https:\/\/eager-austin.188-34-163-140.plesk.page\/?p=11725"},"modified":"2023-03-13T12:00:35","modified_gmt":"2023-03-13T11:00:35","slug":"recycling-von-pet-flaschen","status":"publish","type":"post","link":"https:\/\/kitabluemli.ch\/en\/recycling-von-pet-flaschen\/","title":{"rendered":"Recycling von PET-Flaschen"},"content":{"rendered":"<p>Das Recycling von PET-Flaschen ist eine wichtige Massnahme, um die Umweltbelastung durch Plastikabf\u00e4lle zu reduzieren.<\/p>\n<p>Indem Kinder PET-Flaschen recyceln, k\u00f6nnen sie auch lernen, wie Abfall sortiert und wiederverwertet wird. Dies hilft, ihr Bewusstsein daf\u00fcr zu entwickeln, welche Gegenst\u00e4nde recycelbar sind und welche nicht, und wie sie ihren eigenen Abfall reduzieren k\u00f6nnen.<\/p>\n<p>Wir lernen den Kindern auch, wie sie ihre eigenen PET-Flaschen zu Hause wiederverwenden k\u00f6nnen, indem sie sie als Trinkflaschen oder Aufbewahrungsbeh\u00e4lter verwenden.<\/p>","protected":false},"excerpt":{"rendered":"<p>Das Recycling von PET-Flaschen ist eine wichtige Massnahme, um die Umweltbelastung durch Plastikabf\u00e4lle zu reduzieren. Indem Kinder PET-Flaschen recyceln, k\u00f6nnen sie auch lernen, wie Abfall sortiert und wiederverwertet wird. Dies hilft, ihr Bewusstsein daf\u00fcr zu entwickeln, welche Gegenst\u00e4nde recycelbar sind und welche nicht, und wie sie ihren eigenen Abfall reduzieren k\u00f6nnen. Wir lernen den Kindern [&hellip;]<\/p>\n","protected":false},"author":2,"featured_media":11726,"comment_status":"closed","ping_status":"closed","sticky":false,"template":"","format":"standard","meta":{"footnotes":""},"categories":[519],"tags":[],"class_list":["post-11725","post","type-post","status-publish","format-standard","has-post-thumbnail","hentry","category-kinderkrippe-blog"],"_links":{"self":[{"href":"https:\/\/kitabluemli.ch\/en\/wp-json\/wp\/v2\/posts\/11725","targetHints":{"allow":["GET"]}}],"collection":[{"href":"https:\/\/kitabluemli.ch\/en\/wp-json\/wp\/v2\/posts"}],"about":[{"href":"https:\/\/kitabluemli.ch\/en\/wp-json\/wp\/v2\/types\/post"}],"author":[{"embeddable":true,"href":"https:\/\/kitabluemli.ch\/en\/wp-json\/wp\/v2\/users\/2"}],"replies":[{"embeddable":true,"href":"https:\/\/kitabluemli.ch\/en\/wp-json\/wp\/v2\/comments?post=11725"}],"version-history":[{"count":0,"href":"https:\/\/kitabluemli.ch\/en\/wp-json\/wp\/v2\/posts\/11725\/revisions"}],"wp:featuredmedia":[{"embeddable":true,"href":"https:\/\/kitabluemli.ch\/en\/wp-json\/wp\/v2\/media\/11726"}],"wp:attachment":[{"href":"https:\/\/kitabluemli.ch\/en\/wp-json\/wp\/v2\/media?parent=11725"}],"wp:term":[{"taxonomy":"category","embeddable":true,"href":"https:\/\/kitabluemli.ch\/en\/wp-json\/wp\/v2\/categories?post=11725"},{"taxonomy":"post_tag","embeddable":true,"href":"https:\/\/kitabluemli.ch\/en\/wp-json\/wp\/v2\/tags?post=11725"}],"curies":[{"name":"wp","href":"https:\/\/api.w.org\/{rel}","templated":true}]}}