{"id":11737,"date":"2023-03-19T12:00:28","date_gmt":"2023-03-19T11:00:28","guid":{"rendered":"https:\/\/eager-austin.188-34-163-140.plesk.page\/?p=11737"},"modified":"2023-03-19T12:00:28","modified_gmt":"2023-03-19T11:00:28","slug":"bild-mit-haende-malen","status":"publish","type":"post","link":"https:\/\/kitabluemli.ch\/en\/bild-mit-haende-malen\/","title":{"rendered":"Bild mit Ha\u0308nde malen"},"content":{"rendered":"<p>Das Malen mit den H\u00e4nden ist eine kreative und unterhaltsame Aktivit\u00e4t f\u00fcr Kinder in der Kita. Indem sie ihre H\u00e4nde als Werkzeug verwenden, k\u00f6nnen sie eine taktile und visuelle Erfahrung machen, die ihre k\u00fcnstlerischen F\u00e4higkeiten verbessert und ihre Kreativit\u00e4t f\u00f6rdert.<\/p>\n<p>Dar\u00fcber hinaus kann das Malen mit den H\u00e4nden auch eine therapeutische Wirkung haben, da es Kindern die M\u00f6glichkeit gibt, ihre Emotionen und Gedanken auszudr\u00fccken und sich auf ihre k\u00fcnstlerische T\u00e4tigkeit zu konzentrieren.<\/p>\n<p>Es ist jedoch wichtig zu betonen, dass beim Malen mit den H\u00e4nden in der Kita immer eine angemessene Aufsicht und Sicherheitsvorkehrungen getroffen werden sollten, um sicherzustellen, dass die Kinder sicher und gesch\u00fctzt sind.<\/p>","protected":false},"excerpt":{"rendered":"<p>Das Malen mit den H\u00e4nden ist eine kreative und unterhaltsame Aktivit\u00e4t f\u00fcr Kinder in der Kita. Indem sie ihre H\u00e4nde als Werkzeug verwenden, k\u00f6nnen sie eine taktile und visuelle Erfahrung machen, die ihre k\u00fcnstlerischen F\u00e4higkeiten verbessert und ihre Kreativit\u00e4t f\u00f6rdert. Dar\u00fcber hinaus kann das Malen mit den H\u00e4nden auch eine therapeutische Wirkung haben, da es [&hellip;]<\/p>\n","protected":false},"author":2,"featured_media":11738,"comment_status":"closed","ping_status":"closed","sticky":false,"template":"","format":"standard","meta":{"footnotes":""},"categories":[519],"tags":[],"class_list":["post-11737","post","type-post","status-publish","format-standard","has-post-thumbnail","hentry","category-kinderkrippe-blog"],"_links":{"self":[{"href":"https:\/\/kitabluemli.ch\/en\/wp-json\/wp\/v2\/posts\/11737","targetHints":{"allow":["GET"]}}],"collection":[{"href":"https:\/\/kitabluemli.ch\/en\/wp-json\/wp\/v2\/posts"}],"about":[{"href":"https:\/\/kitabluemli.ch\/en\/wp-json\/wp\/v2\/types\/post"}],"author":[{"embeddable":true,"href":"https:\/\/kitabluemli.ch\/en\/wp-json\/wp\/v2\/users\/2"}],"replies":[{"embeddable":true,"href":"https:\/\/kitabluemli.ch\/en\/wp-json\/wp\/v2\/comments?post=11737"}],"version-history":[{"count":0,"href":"https:\/\/kitabluemli.ch\/en\/wp-json\/wp\/v2\/posts\/11737\/revisions"}],"wp:featuredmedia":[{"embeddable":true,"href":"https:\/\/kitabluemli.ch\/en\/wp-json\/wp\/v2\/media\/11738"}],"wp:attachment":[{"href":"https:\/\/kitabluemli.ch\/en\/wp-json\/wp\/v2\/media?parent=11737"}],"wp:term":[{"taxonomy":"category","embeddable":true,"href":"https:\/\/kitabluemli.ch\/en\/wp-json\/wp\/v2\/categories?post=11737"},{"taxonomy":"post_tag","embeddable":true,"href":"https:\/\/kitabluemli.ch\/en\/wp-json\/wp\/v2\/tags?post=11737"}],"curies":[{"name":"wp","href":"https:\/\/api.w.org\/{rel}","templated":true}]}}