{"id":11742,"date":"2023-03-20T12:00:03","date_gmt":"2023-03-20T11:00:03","guid":{"rendered":"https:\/\/eager-austin.188-34-163-140.plesk.page\/?p=11742"},"modified":"2023-03-20T12:00:03","modified_gmt":"2023-03-20T11:00:03","slug":"vier-jahreszeiten","status":"publish","type":"post","link":"https:\/\/kitabluemli.ch\/en\/vier-jahreszeiten\/","title":{"rendered":"Vier Jahreszeiten"},"content":{"rendered":"<p>Es ist wichtig, dass Kinder verstehen, wie sich die Natur im Laufe des Jahres ver\u00e4ndert. Sie sollten lernen, welche Tiere und Pflanzen in welcher Jahreszeit aktiv sind und welche Aktivit\u00e4ten typisch f\u00fcr jede Jahreszeit sind. Wir fordern die Kinder mithilfe von einige Arbeitsbl\u00e4tter auf, S\u00e4tze zu vervollst\u00e4ndigen oder Bilder den entsprechenden Jahreszeiten zuzuordnen.<\/p>","protected":false},"excerpt":{"rendered":"<p>Es ist wichtig, dass Kinder verstehen, wie sich die Natur im Laufe des Jahres ver\u00e4ndert. Sie sollten lernen, welche Tiere und Pflanzen in welcher Jahreszeit aktiv sind und welche Aktivit\u00e4ten typisch f\u00fcr jede Jahreszeit sind. Wir fordern die Kinder mithilfe von einige Arbeitsbl\u00e4tter auf, S\u00e4tze zu vervollst\u00e4ndigen oder Bilder den entsprechenden Jahreszeiten zuzuordnen.<\/p>","protected":false},"author":2,"featured_media":11743,"comment_status":"closed","ping_status":"closed","sticky":false,"template":"","format":"standard","meta":{"footnotes":""},"categories":[519],"tags":[],"class_list":["post-11742","post","type-post","status-publish","format-standard","has-post-thumbnail","hentry","category-kinderkrippe-blog"],"_links":{"self":[{"href":"https:\/\/kitabluemli.ch\/en\/wp-json\/wp\/v2\/posts\/11742","targetHints":{"allow":["GET"]}}],"collection":[{"href":"https:\/\/kitabluemli.ch\/en\/wp-json\/wp\/v2\/posts"}],"about":[{"href":"https:\/\/kitabluemli.ch\/en\/wp-json\/wp\/v2\/types\/post"}],"author":[{"embeddable":true,"href":"https:\/\/kitabluemli.ch\/en\/wp-json\/wp\/v2\/users\/2"}],"replies":[{"embeddable":true,"href":"https:\/\/kitabluemli.ch\/en\/wp-json\/wp\/v2\/comments?post=11742"}],"version-history":[{"count":0,"href":"https:\/\/kitabluemli.ch\/en\/wp-json\/wp\/v2\/posts\/11742\/revisions"}],"wp:featuredmedia":[{"embeddable":true,"href":"https:\/\/kitabluemli.ch\/en\/wp-json\/wp\/v2\/media\/11743"}],"wp:attachment":[{"href":"https:\/\/kitabluemli.ch\/en\/wp-json\/wp\/v2\/media?parent=11742"}],"wp:term":[{"taxonomy":"category","embeddable":true,"href":"https:\/\/kitabluemli.ch\/en\/wp-json\/wp\/v2\/categories?post=11742"},{"taxonomy":"post_tag","embeddable":true,"href":"https:\/\/kitabluemli.ch\/en\/wp-json\/wp\/v2\/tags?post=11742"}],"curies":[{"name":"wp","href":"https:\/\/api.w.org\/{rel}","templated":true}]}}