{"id":11771,"date":"2023-04-05T12:00:31","date_gmt":"2023-04-05T10:00:31","guid":{"rendered":"https:\/\/eager-austin.188-34-163-140.plesk.page\/?p=11771"},"modified":"2023-04-05T12:00:31","modified_gmt":"2023-04-05T10:00:31","slug":"mitgebsel-bei-geburtstagsparty","status":"publish","type":"post","link":"https:\/\/kitabluemli.ch\/en\/mitgebsel-bei-geburtstagsparty\/","title":{"rendered":"Mitgebsel bei Geburtstagsparty"},"content":{"rendered":"<p>Mitgebsel bei einer Kindergeburtstagsparty sind eine sch\u00f6ne M\u00f6glichkeit, um den Kindern eine Erinnerung an das Fest zu geben und ihnen f\u00fcr ihre Teilnahme zu danken. Dabei sollten die Mitgebsel altersgerecht und kreativ gestaltet sein.<\/p>\n<p>Beliebte Mitgebsel sind zum Beispiel kleine Spielzeuge, S\u00fcssigkeiten oder Malb\u00fccher. Es ist jedoch auch wichtig, sicherzustellen, dass die Mitgebsel f\u00fcr alle Kinder geeignet sind und keine Verletzungsgefahr darstellen.<\/p>\n<p>Eine weitere M\u00f6glichkeit ist, dass die Kinder ihre eigenen Mitgebsel basteln oder gestalten k\u00f6nnen, wie zum Beispiel personalisierte Armb\u00e4nder oder Mal- und Bastelsets. Dadurch f\u00f6rdert man ihre Kreativit\u00e4t und bietet ihnen eine Gelegenheit, etwas zu kreieren, was sie mit nach Hause nehmen k\u00f6nnen.<\/p>\n<p>Es ist auch eine gute Idee, die Mitgebsel in einer h\u00fcbschen Verpackung oder Tasche zu pr\u00e4sentieren, um den Kindern eine besondere Erinnerung an die Geburtstagsfeier zu bieten.<\/p>","protected":false},"excerpt":{"rendered":"<p>Mitgebsel bei einer Kindergeburtstagsparty sind eine sch\u00f6ne M\u00f6glichkeit, um den Kindern eine Erinnerung an das Fest zu geben und ihnen f\u00fcr ihre Teilnahme zu danken. Dabei sollten die Mitgebsel altersgerecht und kreativ gestaltet sein. Beliebte Mitgebsel sind zum Beispiel kleine Spielzeuge, S\u00fcssigkeiten oder Malb\u00fccher. Es ist jedoch auch wichtig, sicherzustellen, dass die Mitgebsel f\u00fcr alle [&hellip;]<\/p>\n","protected":false},"author":2,"featured_media":11772,"comment_status":"closed","ping_status":"closed","sticky":false,"template":"","format":"standard","meta":{"footnotes":""},"categories":[519],"tags":[],"class_list":["post-11771","post","type-post","status-publish","format-standard","has-post-thumbnail","hentry","category-kinderkrippe-blog"],"_links":{"self":[{"href":"https:\/\/kitabluemli.ch\/en\/wp-json\/wp\/v2\/posts\/11771","targetHints":{"allow":["GET"]}}],"collection":[{"href":"https:\/\/kitabluemli.ch\/en\/wp-json\/wp\/v2\/posts"}],"about":[{"href":"https:\/\/kitabluemli.ch\/en\/wp-json\/wp\/v2\/types\/post"}],"author":[{"embeddable":true,"href":"https:\/\/kitabluemli.ch\/en\/wp-json\/wp\/v2\/users\/2"}],"replies":[{"embeddable":true,"href":"https:\/\/kitabluemli.ch\/en\/wp-json\/wp\/v2\/comments?post=11771"}],"version-history":[{"count":0,"href":"https:\/\/kitabluemli.ch\/en\/wp-json\/wp\/v2\/posts\/11771\/revisions"}],"wp:featuredmedia":[{"embeddable":true,"href":"https:\/\/kitabluemli.ch\/en\/wp-json\/wp\/v2\/media\/11772"}],"wp:attachment":[{"href":"https:\/\/kitabluemli.ch\/en\/wp-json\/wp\/v2\/media?parent=11771"}],"wp:term":[{"taxonomy":"category","embeddable":true,"href":"https:\/\/kitabluemli.ch\/en\/wp-json\/wp\/v2\/categories?post=11771"},{"taxonomy":"post_tag","embeddable":true,"href":"https:\/\/kitabluemli.ch\/en\/wp-json\/wp\/v2\/tags?post=11771"}],"curies":[{"name":"wp","href":"https:\/\/api.w.org\/{rel}","templated":true}]}}