{"id":11774,"date":"2023-04-09T12:00:43","date_gmt":"2023-04-09T10:00:43","guid":{"rendered":"https:\/\/eager-austin.188-34-163-140.plesk.page\/?p=11774"},"modified":"2023-04-09T12:00:43","modified_gmt":"2023-04-09T10:00:43","slug":"ostern-2023","status":"publish","type":"post","link":"https:\/\/kitabluemli.ch\/en\/ostern-2023\/","title":{"rendered":"Ostern 2023"},"content":{"rendered":"<p>Liebe Eltern und Kinder,<\/p>\n<p>wir w\u00fcnschen euch allen ein wundersch\u00f6nes Osterfest! M\u00f6ge dieser besondere Tag mit Freude, Lachen und vielen bunten \u00dcberraschungen gef\u00fcllt sein. Wir hoffen, dass ihr die Feiertage in vollen Z\u00fcgen geniesst und dabei Zeit miteinander verbringen k\u00f6nnt.<\/p>\n<p>In der Kinderkrippe haben wir uns auf Ostern vorbereitet und viele kreative Aktivit\u00e4ten mit den Kindern durchgef\u00fchrt. Es war eine Freude, die Kinder dabei zu beobachten, wie sie ihre Fantasie und Kreativit\u00e4t in die Aktivit\u00e4ten einbrachten und ihre F\u00e4higkeiten weiterentwickelten.<\/p>\n<p>Wir w\u00fcnschen euch alles Gute und eine gl\u00fcckliche Osterzeit!<\/p>\n<p>Herzliche Gr\u00fcsse<br \/>\nAndrea<\/p>","protected":false},"excerpt":{"rendered":"<p>Liebe Eltern und Kinder, wir w\u00fcnschen euch allen ein wundersch\u00f6nes Osterfest! M\u00f6ge dieser besondere Tag mit Freude, Lachen und vielen bunten \u00dcberraschungen gef\u00fcllt sein. Wir hoffen, dass ihr die Feiertage in vollen Z\u00fcgen geniesst und dabei Zeit miteinander verbringen k\u00f6nnt. In der Kinderkrippe haben wir uns auf Ostern vorbereitet und viele kreative Aktivit\u00e4ten mit den [&hellip;]<\/p>\n","protected":false},"author":2,"featured_media":11775,"comment_status":"closed","ping_status":"closed","sticky":false,"template":"","format":"standard","meta":{"footnotes":""},"categories":[1],"tags":[],"class_list":["post-11774","post","type-post","status-publish","format-standard","has-post-thumbnail","hentry","category-allgemein-blog"],"_links":{"self":[{"href":"https:\/\/kitabluemli.ch\/en\/wp-json\/wp\/v2\/posts\/11774","targetHints":{"allow":["GET"]}}],"collection":[{"href":"https:\/\/kitabluemli.ch\/en\/wp-json\/wp\/v2\/posts"}],"about":[{"href":"https:\/\/kitabluemli.ch\/en\/wp-json\/wp\/v2\/types\/post"}],"author":[{"embeddable":true,"href":"https:\/\/kitabluemli.ch\/en\/wp-json\/wp\/v2\/users\/2"}],"replies":[{"embeddable":true,"href":"https:\/\/kitabluemli.ch\/en\/wp-json\/wp\/v2\/comments?post=11774"}],"version-history":[{"count":0,"href":"https:\/\/kitabluemli.ch\/en\/wp-json\/wp\/v2\/posts\/11774\/revisions"}],"wp:featuredmedia":[{"embeddable":true,"href":"https:\/\/kitabluemli.ch\/en\/wp-json\/wp\/v2\/media\/11775"}],"wp:attachment":[{"href":"https:\/\/kitabluemli.ch\/en\/wp-json\/wp\/v2\/media?parent=11774"}],"wp:term":[{"taxonomy":"category","embeddable":true,"href":"https:\/\/kitabluemli.ch\/en\/wp-json\/wp\/v2\/categories?post=11774"},{"taxonomy":"post_tag","embeddable":true,"href":"https:\/\/kitabluemli.ch\/en\/wp-json\/wp\/v2\/tags?post=11774"}],"curies":[{"name":"wp","href":"https:\/\/api.w.org\/{rel}","templated":true}]}}