{"id":11792,"date":"2023-04-14T12:00:28","date_gmt":"2023-04-14T10:00:28","guid":{"rendered":"https:\/\/eager-austin.188-34-163-140.plesk.page\/?p=11792"},"modified":"2023-04-14T12:00:28","modified_gmt":"2023-04-14T10:00:28","slug":"faltfaecher-bemalen","status":"publish","type":"post","link":"https:\/\/kitabluemli.ch\/en\/faltfaecher-bemalen\/","title":{"rendered":"Faltfa\u0308cher bemalen"},"content":{"rendered":"<p>Das Bemalen von Faltf\u00e4chern in der KiTa ist eine unterhaltsame und kreative Aktivit\u00e4t f\u00fcr Kinder. Die Kinder k\u00f6nnen ihre F\u00e4cher in verschiedenen Farben und Mustern bemalen und sie dann aufklappen, um ihre Kunstwerke zu pr\u00e4sentieren.<\/p>\n<p>Diese Aktivit\u00e4t f\u00f6rdert die Feinmotorik und die Hand-Augen-Koordination der Kinder, w\u00e4hrend sie mit Pinseln und Farben arbeiten. Es ist auch eine grossartige M\u00f6glichkeit, ihre Kreativit\u00e4t und ihren Sinn f\u00fcr \u00c4sthetik zu f\u00f6rdern, w\u00e4hrend sie ihre eigenen Designs kreieren.<\/p>\n<p>Die Kinder k\u00f6nnen ihre eigenen F\u00e4cher mit nach Hause nehmen, um sie den Eltern zu pr\u00e4sentieren und als praktisches Accessoire zu verwenden.<\/p>","protected":false},"excerpt":{"rendered":"<p>Das Bemalen von Faltf\u00e4chern in der KiTa ist eine unterhaltsame und kreative Aktivit\u00e4t f\u00fcr Kinder. Die Kinder k\u00f6nnen ihre F\u00e4cher in verschiedenen Farben und Mustern bemalen und sie dann aufklappen, um ihre Kunstwerke zu pr\u00e4sentieren. Diese Aktivit\u00e4t f\u00f6rdert die Feinmotorik und die Hand-Augen-Koordination der Kinder, w\u00e4hrend sie mit Pinseln und Farben arbeiten. Es ist auch [&hellip;]<\/p>\n","protected":false},"author":2,"featured_media":11793,"comment_status":"closed","ping_status":"closed","sticky":false,"template":"","format":"standard","meta":{"footnotes":""},"categories":[519],"tags":[],"class_list":["post-11792","post","type-post","status-publish","format-standard","has-post-thumbnail","hentry","category-kinderkrippe-blog"],"_links":{"self":[{"href":"https:\/\/kitabluemli.ch\/en\/wp-json\/wp\/v2\/posts\/11792","targetHints":{"allow":["GET"]}}],"collection":[{"href":"https:\/\/kitabluemli.ch\/en\/wp-json\/wp\/v2\/posts"}],"about":[{"href":"https:\/\/kitabluemli.ch\/en\/wp-json\/wp\/v2\/types\/post"}],"author":[{"embeddable":true,"href":"https:\/\/kitabluemli.ch\/en\/wp-json\/wp\/v2\/users\/2"}],"replies":[{"embeddable":true,"href":"https:\/\/kitabluemli.ch\/en\/wp-json\/wp\/v2\/comments?post=11792"}],"version-history":[{"count":0,"href":"https:\/\/kitabluemli.ch\/en\/wp-json\/wp\/v2\/posts\/11792\/revisions"}],"wp:featuredmedia":[{"embeddable":true,"href":"https:\/\/kitabluemli.ch\/en\/wp-json\/wp\/v2\/media\/11793"}],"wp:attachment":[{"href":"https:\/\/kitabluemli.ch\/en\/wp-json\/wp\/v2\/media?parent=11792"}],"wp:term":[{"taxonomy":"category","embeddable":true,"href":"https:\/\/kitabluemli.ch\/en\/wp-json\/wp\/v2\/categories?post=11792"},{"taxonomy":"post_tag","embeddable":true,"href":"https:\/\/kitabluemli.ch\/en\/wp-json\/wp\/v2\/tags?post=11792"}],"curies":[{"name":"wp","href":"https:\/\/api.w.org\/{rel}","templated":true}]}}