{"id":11795,"date":"2023-04-16T12:00:43","date_gmt":"2023-04-16T10:00:43","guid":{"rendered":"https:\/\/eager-austin.188-34-163-140.plesk.page\/?p=11795"},"modified":"2023-04-16T12:00:43","modified_gmt":"2023-04-16T10:00:43","slug":"waldobjekte","status":"publish","type":"post","link":"https:\/\/kitabluemli.ch\/en\/waldobjekte\/","title":{"rendered":"Waldobjekte"},"content":{"rendered":"<p>Das Sammeln von Waldobjekten wie Bl\u00e4ttern, Steinen und \u00c4sten ist eine wunderbare M\u00f6glichkeit, die Natur mit Kindern zu entdecken und ihre Kreativit\u00e4t zu f\u00f6rdern.<\/p>\n<p>Kinder werden diese Objekte verwenden, um verschiedene Bastelprojekte zu gestalten, wie zum Beispiel Naturcollagen oder Blumenkr\u00e4nze.<\/p>\n<p>Durch das Sammeln von Waldobjekten schulen die Kinder auch ihre Feinmotorik und Hand-Augen-Koordination, indem sie lernen, verschiedene Formen und Gr\u00f6ssen zu erkennen und zu sortieren. Insgesamt ist das Sammeln von Waldobjekten eine wunderbare Aktivit\u00e4t, die Kindern die Natur n\u00e4her bringt und ihre kreative Entwicklung f\u00f6rdert.<\/p>","protected":false},"excerpt":{"rendered":"<p>Das Sammeln von Waldobjekten wie Bl\u00e4ttern, Steinen und \u00c4sten ist eine wunderbare M\u00f6glichkeit, die Natur mit Kindern zu entdecken und ihre Kreativit\u00e4t zu f\u00f6rdern. Kinder werden diese Objekte verwenden, um verschiedene Bastelprojekte zu gestalten, wie zum Beispiel Naturcollagen oder Blumenkr\u00e4nze. Durch das Sammeln von Waldobjekten schulen die Kinder auch ihre Feinmotorik und Hand-Augen-Koordination, indem sie [&hellip;]<\/p>\n","protected":false},"author":2,"featured_media":11796,"comment_status":"closed","ping_status":"closed","sticky":false,"template":"","format":"standard","meta":{"footnotes":""},"categories":[520],"tags":[],"class_list":["post-11795","post","type-post","status-publish","format-standard","has-post-thumbnail","hentry","category-waldkinderkrippe-blog"],"_links":{"self":[{"href":"https:\/\/kitabluemli.ch\/en\/wp-json\/wp\/v2\/posts\/11795","targetHints":{"allow":["GET"]}}],"collection":[{"href":"https:\/\/kitabluemli.ch\/en\/wp-json\/wp\/v2\/posts"}],"about":[{"href":"https:\/\/kitabluemli.ch\/en\/wp-json\/wp\/v2\/types\/post"}],"author":[{"embeddable":true,"href":"https:\/\/kitabluemli.ch\/en\/wp-json\/wp\/v2\/users\/2"}],"replies":[{"embeddable":true,"href":"https:\/\/kitabluemli.ch\/en\/wp-json\/wp\/v2\/comments?post=11795"}],"version-history":[{"count":0,"href":"https:\/\/kitabluemli.ch\/en\/wp-json\/wp\/v2\/posts\/11795\/revisions"}],"wp:featuredmedia":[{"embeddable":true,"href":"https:\/\/kitabluemli.ch\/en\/wp-json\/wp\/v2\/media\/11796"}],"wp:attachment":[{"href":"https:\/\/kitabluemli.ch\/en\/wp-json\/wp\/v2\/media?parent=11795"}],"wp:term":[{"taxonomy":"category","embeddable":true,"href":"https:\/\/kitabluemli.ch\/en\/wp-json\/wp\/v2\/categories?post=11795"},{"taxonomy":"post_tag","embeddable":true,"href":"https:\/\/kitabluemli.ch\/en\/wp-json\/wp\/v2\/tags?post=11795"}],"curies":[{"name":"wp","href":"https:\/\/api.w.org\/{rel}","templated":true}]}}