{"id":11808,"date":"2023-04-23T12:00:15","date_gmt":"2023-04-23T10:00:15","guid":{"rendered":"https:\/\/eager-austin.188-34-163-140.plesk.page\/?p=11808"},"modified":"2025-01-07T15:03:52","modified_gmt":"2025-01-07T14:03:52","slug":"faltfaecher-anmalen","status":"publish","type":"post","link":"https:\/\/kitabluemli.ch\/en\/faltfaecher-anmalen\/","title":{"rendered":"Faltfa\u0308cher anmalen"},"content":{"rendered":"<p>Das Bemalen von Faltf\u00e4chern ist eine wunderbare und unterhaltsame Aktivit\u00e4t f\u00fcr Kinder jeden Alters. Es bietet den Kindern eine Gelegenheit, ihre k\u00fcnstlerischen F\u00e4higkeiten zu entwickeln und ihre Kreativit\u00e4t auszudr\u00fccken. Die Kinder k\u00f6nnen ihre F\u00e4cher mit Farben, Mustern und Designs bemalen und dann stolz ihre Kunstwerke pr\u00e4sentieren.<\/p>\n<p>Diese Aktivit\u00e4t bietet auch eine Gelegenheit f\u00fcr die Kinder, ihre sozialen F\u00e4higkeiten zu entwickeln, indem sie gemeinsam an einem Projekt arbeiten und Ideen und Vorschl\u00e4ge austauschen. Die Kinder k\u00f6nnen voneinander lernen und ihre Kreativit\u00e4t durch die Zusammenarbeit steigern.<\/p>","protected":false},"excerpt":{"rendered":"<p>Das Bemalen von Faltf\u00e4chern ist eine wunderbare und unterhaltsame Aktivit\u00e4t f\u00fcr Kinder jeden Alters. Es bietet den Kindern eine Gelegenheit, ihre k\u00fcnstlerischen F\u00e4higkeiten zu entwickeln und ihre Kreativit\u00e4t auszudr\u00fccken. Die Kinder k\u00f6nnen ihre F\u00e4cher mit Farben, Mustern und Designs bemalen und dann stolz ihre Kunstwerke pr\u00e4sentieren. Diese Aktivit\u00e4t bietet auch eine Gelegenheit f\u00fcr die Kinder, [&hellip;]<\/p>\n","protected":false},"author":2,"featured_media":11809,"comment_status":"closed","ping_status":"closed","sticky":false,"template":"","format":"standard","meta":{"footnotes":""},"categories":[519],"tags":[],"class_list":["post-11808","post","type-post","status-publish","format-standard","has-post-thumbnail","hentry","category-kinderkrippe-blog"],"_links":{"self":[{"href":"https:\/\/kitabluemli.ch\/en\/wp-json\/wp\/v2\/posts\/11808","targetHints":{"allow":["GET"]}}],"collection":[{"href":"https:\/\/kitabluemli.ch\/en\/wp-json\/wp\/v2\/posts"}],"about":[{"href":"https:\/\/kitabluemli.ch\/en\/wp-json\/wp\/v2\/types\/post"}],"author":[{"embeddable":true,"href":"https:\/\/kitabluemli.ch\/en\/wp-json\/wp\/v2\/users\/2"}],"replies":[{"embeddable":true,"href":"https:\/\/kitabluemli.ch\/en\/wp-json\/wp\/v2\/comments?post=11808"}],"version-history":[{"count":0,"href":"https:\/\/kitabluemli.ch\/en\/wp-json\/wp\/v2\/posts\/11808\/revisions"}],"wp:featuredmedia":[{"embeddable":true,"href":"https:\/\/kitabluemli.ch\/en\/wp-json\/wp\/v2\/media\/11809"}],"wp:attachment":[{"href":"https:\/\/kitabluemli.ch\/en\/wp-json\/wp\/v2\/media?parent=11808"}],"wp:term":[{"taxonomy":"category","embeddable":true,"href":"https:\/\/kitabluemli.ch\/en\/wp-json\/wp\/v2\/categories?post=11808"},{"taxonomy":"post_tag","embeddable":true,"href":"https:\/\/kitabluemli.ch\/en\/wp-json\/wp\/v2\/tags?post=11808"}],"curies":[{"name":"wp","href":"https:\/\/api.w.org\/{rel}","templated":true}]}}