{"id":11815,"date":"2023-04-27T14:00:48","date_gmt":"2023-04-27T12:00:48","guid":{"rendered":"https:\/\/eager-austin.188-34-163-140.plesk.page\/?p=11815"},"modified":"2023-04-27T14:00:48","modified_gmt":"2023-04-27T12:00:48","slug":"sammeln-von-waldmaterialien","status":"publish","type":"post","link":"https:\/\/kitabluemli.ch\/en\/sammeln-von-waldmaterialien\/","title":{"rendered":"Sammeln von Waldmaterialien"},"content":{"rendered":"<p>Durch das Sammeln und Verwenden von Waldmaterialien in Bastelprojekten lernen die Kinder, die nat\u00fcrliche Umgebung zu sch\u00e4tzen und zu respektieren. Sie lernen, dass der Wald eine F\u00fclle von Ressourcen bietet, die genutzt werden k\u00f6nnen, um ihre k\u00fcnstlerischen F\u00e4higkeiten und ihre Kreativit\u00e4t zu entwickeln.<\/p>\n<p>Es ist auch eine grossartige M\u00f6glichkeit f\u00fcr Kinder, ihre Sinne zu sch\u00e4rfen, da sie verschiedene Texturen, Formen und Farben wahrnehmen und unterscheiden k\u00f6nnen.<\/p>","protected":false},"excerpt":{"rendered":"<p>Durch das Sammeln und Verwenden von Waldmaterialien in Bastelprojekten lernen die Kinder, die nat\u00fcrliche Umgebung zu sch\u00e4tzen und zu respektieren. Sie lernen, dass der Wald eine F\u00fclle von Ressourcen bietet, die genutzt werden k\u00f6nnen, um ihre k\u00fcnstlerischen F\u00e4higkeiten und ihre Kreativit\u00e4t zu entwickeln. Es ist auch eine grossartige M\u00f6glichkeit f\u00fcr Kinder, ihre Sinne zu sch\u00e4rfen, [&hellip;]<\/p>\n","protected":false},"author":2,"featured_media":11816,"comment_status":"closed","ping_status":"closed","sticky":false,"template":"","format":"standard","meta":{"footnotes":""},"categories":[520],"tags":[],"class_list":["post-11815","post","type-post","status-publish","format-standard","has-post-thumbnail","hentry","category-waldkinderkrippe-blog"],"_links":{"self":[{"href":"https:\/\/kitabluemli.ch\/en\/wp-json\/wp\/v2\/posts\/11815","targetHints":{"allow":["GET"]}}],"collection":[{"href":"https:\/\/kitabluemli.ch\/en\/wp-json\/wp\/v2\/posts"}],"about":[{"href":"https:\/\/kitabluemli.ch\/en\/wp-json\/wp\/v2\/types\/post"}],"author":[{"embeddable":true,"href":"https:\/\/kitabluemli.ch\/en\/wp-json\/wp\/v2\/users\/2"}],"replies":[{"embeddable":true,"href":"https:\/\/kitabluemli.ch\/en\/wp-json\/wp\/v2\/comments?post=11815"}],"version-history":[{"count":0,"href":"https:\/\/kitabluemli.ch\/en\/wp-json\/wp\/v2\/posts\/11815\/revisions"}],"wp:featuredmedia":[{"embeddable":true,"href":"https:\/\/kitabluemli.ch\/en\/wp-json\/wp\/v2\/media\/11816"}],"wp:attachment":[{"href":"https:\/\/kitabluemli.ch\/en\/wp-json\/wp\/v2\/media?parent=11815"}],"wp:term":[{"taxonomy":"category","embeddable":true,"href":"https:\/\/kitabluemli.ch\/en\/wp-json\/wp\/v2\/categories?post=11815"},{"taxonomy":"post_tag","embeddable":true,"href":"https:\/\/kitabluemli.ch\/en\/wp-json\/wp\/v2\/tags?post=11815"}],"curies":[{"name":"wp","href":"https:\/\/api.w.org\/{rel}","templated":true}]}}