{"id":11818,"date":"2023-04-30T12:00:43","date_gmt":"2023-04-30T10:00:43","guid":{"rendered":"https:\/\/eager-austin.188-34-163-140.plesk.page\/?p=11818"},"modified":"2023-04-30T12:00:43","modified_gmt":"2023-04-30T10:00:43","slug":"waldzelt","status":"publish","type":"post","link":"https:\/\/kitabluemli.ch\/en\/waldzelt\/","title":{"rendered":"Waldzelt"},"content":{"rendered":"<p>Das Aufstellen eines Waldzelts bietet Kindern eine einzigartige Gelegenheit, die Natur zu erleben und ihre Fantasie und Abenteuerlust auszuleben. Es ist eine wunderbare M\u00f6glichkeit f\u00fcr Kinder, ihre F\u00e4higkeiten im Bereich der Koordination und Zusammenarbeit zu entwickeln, w\u00e4hrend sie gemeinsam an einem Projekt arbeiten.<\/p>\n<p>Insgesamt bietet ein Tag im Wald den Kindern eine breite Palette von Aktivit\u00e4ten, die ihnen helfen, ihre k\u00f6rperliche, kognitive und emotionale Entwicklung zu f\u00f6rdern. Es ist eine Gelegenheit f\u00fcr sie, die Natur zu erleben, ihre Sinne zu sch\u00e4rfen und neue Erfahrungen zu sammeln, w\u00e4hrend sie gleichzeitig Spass haben und ihre Kreativit\u00e4t ausleben.<\/p>","protected":false},"excerpt":{"rendered":"<p>Das Aufstellen eines Waldzelts bietet Kindern eine einzigartige Gelegenheit, die Natur zu erleben und ihre Fantasie und Abenteuerlust auszuleben. Es ist eine wunderbare M\u00f6glichkeit f\u00fcr Kinder, ihre F\u00e4higkeiten im Bereich der Koordination und Zusammenarbeit zu entwickeln, w\u00e4hrend sie gemeinsam an einem Projekt arbeiten. Insgesamt bietet ein Tag im Wald den Kindern eine breite Palette von [&hellip;]<\/p>\n","protected":false},"author":2,"featured_media":11819,"comment_status":"closed","ping_status":"closed","sticky":false,"template":"","format":"standard","meta":{"footnotes":""},"categories":[520],"tags":[],"class_list":["post-11818","post","type-post","status-publish","format-standard","has-post-thumbnail","hentry","category-waldkinderkrippe-blog"],"_links":{"self":[{"href":"https:\/\/kitabluemli.ch\/en\/wp-json\/wp\/v2\/posts\/11818","targetHints":{"allow":["GET"]}}],"collection":[{"href":"https:\/\/kitabluemli.ch\/en\/wp-json\/wp\/v2\/posts"}],"about":[{"href":"https:\/\/kitabluemli.ch\/en\/wp-json\/wp\/v2\/types\/post"}],"author":[{"embeddable":true,"href":"https:\/\/kitabluemli.ch\/en\/wp-json\/wp\/v2\/users\/2"}],"replies":[{"embeddable":true,"href":"https:\/\/kitabluemli.ch\/en\/wp-json\/wp\/v2\/comments?post=11818"}],"version-history":[{"count":0,"href":"https:\/\/kitabluemli.ch\/en\/wp-json\/wp\/v2\/posts\/11818\/revisions"}],"wp:featuredmedia":[{"embeddable":true,"href":"https:\/\/kitabluemli.ch\/en\/wp-json\/wp\/v2\/media\/11819"}],"wp:attachment":[{"href":"https:\/\/kitabluemli.ch\/en\/wp-json\/wp\/v2\/media?parent=11818"}],"wp:term":[{"taxonomy":"category","embeddable":true,"href":"https:\/\/kitabluemli.ch\/en\/wp-json\/wp\/v2\/categories?post=11818"},{"taxonomy":"post_tag","embeddable":true,"href":"https:\/\/kitabluemli.ch\/en\/wp-json\/wp\/v2\/tags?post=11818"}],"curies":[{"name":"wp","href":"https:\/\/api.w.org\/{rel}","templated":true}]}}