{"id":11821,"date":"2023-05-01T12:00:48","date_gmt":"2023-05-01T10:00:48","guid":{"rendered":"https:\/\/eager-austin.188-34-163-140.plesk.page\/?p=11821"},"modified":"2023-05-01T12:00:48","modified_gmt":"2023-05-01T10:00:48","slug":"die-ersten-blumen-im-wald","status":"publish","type":"post","link":"https:\/\/kitabluemli.ch\/en\/die-ersten-blumen-im-wald\/","title":{"rendered":"Die ersten Blumen im Wald"},"content":{"rendered":"<p>Die ersten Blumen im Wald sind ein erfreuliches Zeichen des Fr\u00fchlings.<\/p>\n<p>Wenn der Schnee schmilzt und die Temperaturen steigen, beginnen die ersten Blumen zu bl\u00fchen und f\u00fcgen dem Wald eine neue Farbe hinzu.<\/p>\n<p>Es ist eine aufregende Zeit f\u00fcr Kinder, da sie lernen k\u00f6nnen, wie man Pflanzen identifiziert und wie man ihre k\u00fcnstlerischen F\u00e4higkeiten ausdr\u00fcckt, w\u00e4hrend sie gleichzeitig ihre Verbindung zur Natur st\u00e4rken.<\/p>","protected":false},"excerpt":{"rendered":"<p>Die ersten Blumen im Wald sind ein erfreuliches Zeichen des Fr\u00fchlings. Wenn der Schnee schmilzt und die Temperaturen steigen, beginnen die ersten Blumen zu bl\u00fchen und f\u00fcgen dem Wald eine neue Farbe hinzu. Es ist eine aufregende Zeit f\u00fcr Kinder, da sie lernen k\u00f6nnen, wie man Pflanzen identifiziert und wie man ihre k\u00fcnstlerischen F\u00e4higkeiten ausdr\u00fcckt, [&hellip;]<\/p>\n","protected":false},"author":2,"featured_media":11822,"comment_status":"closed","ping_status":"closed","sticky":false,"template":"","format":"standard","meta":{"footnotes":""},"categories":[520],"tags":[],"class_list":["post-11821","post","type-post","status-publish","format-standard","has-post-thumbnail","hentry","category-waldkinderkrippe-blog"],"_links":{"self":[{"href":"https:\/\/kitabluemli.ch\/en\/wp-json\/wp\/v2\/posts\/11821","targetHints":{"allow":["GET"]}}],"collection":[{"href":"https:\/\/kitabluemli.ch\/en\/wp-json\/wp\/v2\/posts"}],"about":[{"href":"https:\/\/kitabluemli.ch\/en\/wp-json\/wp\/v2\/types\/post"}],"author":[{"embeddable":true,"href":"https:\/\/kitabluemli.ch\/en\/wp-json\/wp\/v2\/users\/2"}],"replies":[{"embeddable":true,"href":"https:\/\/kitabluemli.ch\/en\/wp-json\/wp\/v2\/comments?post=11821"}],"version-history":[{"count":0,"href":"https:\/\/kitabluemli.ch\/en\/wp-json\/wp\/v2\/posts\/11821\/revisions"}],"wp:featuredmedia":[{"embeddable":true,"href":"https:\/\/kitabluemli.ch\/en\/wp-json\/wp\/v2\/media\/11822"}],"wp:attachment":[{"href":"https:\/\/kitabluemli.ch\/en\/wp-json\/wp\/v2\/media?parent=11821"}],"wp:term":[{"taxonomy":"category","embeddable":true,"href":"https:\/\/kitabluemli.ch\/en\/wp-json\/wp\/v2\/categories?post=11821"},{"taxonomy":"post_tag","embeddable":true,"href":"https:\/\/kitabluemli.ch\/en\/wp-json\/wp\/v2\/tags?post=11821"}],"curies":[{"name":"wp","href":"https:\/\/api.w.org\/{rel}","templated":true}]}}