{"id":11832,"date":"2023-05-07T12:00:57","date_gmt":"2023-05-07T10:00:57","guid":{"rendered":"https:\/\/eager-austin.188-34-163-140.plesk.page\/?p=11832"},"modified":"2023-05-07T12:00:57","modified_gmt":"2023-05-07T10:00:57","slug":"gruen","status":"publish","type":"post","link":"https:\/\/kitabluemli.ch\/en\/gruen\/","title":{"rendered":"Gr\u00fcn"},"content":{"rendered":"<p>Das Gr\u00fcn der Bl\u00e4tter im Wald ist ein erfrischender Anblick und eine wundersch\u00f6ne Erinnerung an die Sch\u00f6nheit der Natur. Die unterschiedlichen Gr\u00fcnt\u00f6ne der Bl\u00e4tter schaffen eine beruhigende und harmonische Atmosph\u00e4re und haben eine entspannende Wirkung auf die Kinder.<\/p>","protected":false},"excerpt":{"rendered":"<p>Das Gr\u00fcn der Bl\u00e4tter im Wald ist ein erfrischender Anblick und eine wundersch\u00f6ne Erinnerung an die Sch\u00f6nheit der Natur. Die unterschiedlichen Gr\u00fcnt\u00f6ne der Bl\u00e4tter schaffen eine beruhigende und harmonische Atmosph\u00e4re und haben eine entspannende Wirkung auf die Kinder.<\/p>","protected":false},"author":2,"featured_media":11833,"comment_status":"closed","ping_status":"closed","sticky":false,"template":"","format":"standard","meta":{"footnotes":""},"categories":[520],"tags":[],"class_list":["post-11832","post","type-post","status-publish","format-standard","has-post-thumbnail","hentry","category-waldkinderkrippe-blog"],"_links":{"self":[{"href":"https:\/\/kitabluemli.ch\/en\/wp-json\/wp\/v2\/posts\/11832","targetHints":{"allow":["GET"]}}],"collection":[{"href":"https:\/\/kitabluemli.ch\/en\/wp-json\/wp\/v2\/posts"}],"about":[{"href":"https:\/\/kitabluemli.ch\/en\/wp-json\/wp\/v2\/types\/post"}],"author":[{"embeddable":true,"href":"https:\/\/kitabluemli.ch\/en\/wp-json\/wp\/v2\/users\/2"}],"replies":[{"embeddable":true,"href":"https:\/\/kitabluemli.ch\/en\/wp-json\/wp\/v2\/comments?post=11832"}],"version-history":[{"count":0,"href":"https:\/\/kitabluemli.ch\/en\/wp-json\/wp\/v2\/posts\/11832\/revisions"}],"wp:featuredmedia":[{"embeddable":true,"href":"https:\/\/kitabluemli.ch\/en\/wp-json\/wp\/v2\/media\/11833"}],"wp:attachment":[{"href":"https:\/\/kitabluemli.ch\/en\/wp-json\/wp\/v2\/media?parent=11832"}],"wp:term":[{"taxonomy":"category","embeddable":true,"href":"https:\/\/kitabluemli.ch\/en\/wp-json\/wp\/v2\/categories?post=11832"},{"taxonomy":"post_tag","embeddable":true,"href":"https:\/\/kitabluemli.ch\/en\/wp-json\/wp\/v2\/tags?post=11832"}],"curies":[{"name":"wp","href":"https:\/\/api.w.org\/{rel}","templated":true}]}}