{"id":11842,"date":"2023-05-15T12:00:54","date_gmt":"2023-05-15T10:00:54","guid":{"rendered":"https:\/\/eager-austin.188-34-163-140.plesk.page\/?p=11842"},"modified":"2023-05-15T12:00:54","modified_gmt":"2023-05-15T10:00:54","slug":"wir-gehen-einkaufen-2","status":"publish","type":"post","link":"https:\/\/kitabluemli.ch\/en\/wir-gehen-einkaufen-2\/","title":{"rendered":"Wir gehen Einkaufen"},"content":{"rendered":"<p>Eine aufregende Einkaufstour!<\/p>\n<p>Wir sind mit den Kindern zum Einkaufen gegangen sind. In den G\u00e4ngen des Supermarktes herrschte reges Treiben und fr\u00f6hliches Gel\u00e4chter. Die Kinder waren voller Energie und Begeisterung und halfen uns dabei, die Einkaufswagen mit verschiedenen Lebensmitteln zu f\u00fcllen.<\/p>\n<p>Mit grossen Augen und einem L\u00e4cheln auf den Lippen suchten sie nach den ben\u00f6tigten Produkten und waren stolz, wenn sie f\u00fcndig wurden. Wir hatten sogar zwei Einkaufswagen, um all die leckeren Sachen unterzubringen.<\/p>\n<p>Die Kinder waren eifrig dabei, ihre Aufgaben zu erledigen und zeigten grosses Interesse an den unterschiedlichen Lebensmitteln, die wir ausw\u00e4hlten.<\/p>\n<p>Es war ein gemeinsames Abenteuer, bei dem die Kinder nicht nur praktische Erfahrungen sammelten, sondern auch lernten, wie wichtig es ist, gemeinsam Verantwortung zu \u00fcbernehmen und als Team zusammenzuarbeiten.<\/p>","protected":false},"excerpt":{"rendered":"<p>Eine aufregende Einkaufstour! Wir sind mit den Kindern zum Einkaufen gegangen sind. In den G\u00e4ngen des Supermarktes herrschte reges Treiben und fr\u00f6hliches Gel\u00e4chter. Die Kinder waren voller Energie und Begeisterung und halfen uns dabei, die Einkaufswagen mit verschiedenen Lebensmitteln zu f\u00fcllen. Mit grossen Augen und einem L\u00e4cheln auf den Lippen suchten sie nach den ben\u00f6tigten [&hellip;]<\/p>\n","protected":false},"author":2,"featured_media":11843,"comment_status":"closed","ping_status":"closed","sticky":false,"template":"","format":"standard","meta":{"footnotes":""},"categories":[519],"tags":[],"class_list":["post-11842","post","type-post","status-publish","format-standard","has-post-thumbnail","hentry","category-kinderkrippe-blog"],"_links":{"self":[{"href":"https:\/\/kitabluemli.ch\/en\/wp-json\/wp\/v2\/posts\/11842","targetHints":{"allow":["GET"]}}],"collection":[{"href":"https:\/\/kitabluemli.ch\/en\/wp-json\/wp\/v2\/posts"}],"about":[{"href":"https:\/\/kitabluemli.ch\/en\/wp-json\/wp\/v2\/types\/post"}],"author":[{"embeddable":true,"href":"https:\/\/kitabluemli.ch\/en\/wp-json\/wp\/v2\/users\/2"}],"replies":[{"embeddable":true,"href":"https:\/\/kitabluemli.ch\/en\/wp-json\/wp\/v2\/comments?post=11842"}],"version-history":[{"count":0,"href":"https:\/\/kitabluemli.ch\/en\/wp-json\/wp\/v2\/posts\/11842\/revisions"}],"wp:featuredmedia":[{"embeddable":true,"href":"https:\/\/kitabluemli.ch\/en\/wp-json\/wp\/v2\/media\/11843"}],"wp:attachment":[{"href":"https:\/\/kitabluemli.ch\/en\/wp-json\/wp\/v2\/media?parent=11842"}],"wp:term":[{"taxonomy":"category","embeddable":true,"href":"https:\/\/kitabluemli.ch\/en\/wp-json\/wp\/v2\/categories?post=11842"},{"taxonomy":"post_tag","embeddable":true,"href":"https:\/\/kitabluemli.ch\/en\/wp-json\/wp\/v2\/tags?post=11842"}],"curies":[{"name":"wp","href":"https:\/\/api.w.org\/{rel}","templated":true}]}}