{"id":11845,"date":"2023-05-18T12:00:50","date_gmt":"2023-05-18T10:00:50","guid":{"rendered":"https:\/\/eager-austin.188-34-163-140.plesk.page\/?p=11845"},"modified":"2023-05-18T12:00:50","modified_gmt":"2023-05-18T10:00:50","slug":"zvieri-im-wald-8","status":"publish","type":"post","link":"https:\/\/kitabluemli.ch\/en\/zvieri-im-wald-8\/","title":{"rendered":"Zvieri im Wald"},"content":{"rendered":"<p>Alle sind gerne mit dabei, wenn wir unser Zvieri im Wald geniessen.\u00a0 Wir haben einen gem\u00fctlichen Tisch im Schatten der B\u00e4ume gefunden und setzen uns gemeinsam mit den Kindern daran. Die Sonne scheint warm und golden durch das Bl\u00e4tterdach, w\u00e4hrend wir unsere Snacks auspacken.<\/p>\n<p>Auf dem Tisch liegen frisches Brot, saftige Fr\u00fcchte und leckerer Aufschnitt. Die Kinder sind gespannt und greifen mit Vorfreude zu, um sich ihre liebsten K\u00f6stlichkeiten auszusuchen. Wir geniessen den Duft des Waldes, das Zwitschern der V\u00f6gel und das sanfte Rascheln der Bl\u00e4tter um uns herum. Es ist ein Moment der Ruhe und Verbundenheit mit der Natur, w\u00e4hrend wir uns austauschen, lachen und gemeinsam unsere Snacks geniessen.<\/p>","protected":false},"excerpt":{"rendered":"<p>Alle sind gerne mit dabei, wenn wir unser Zvieri im Wald geniessen.\u00a0 Wir haben einen gem\u00fctlichen Tisch im Schatten der B\u00e4ume gefunden und setzen uns gemeinsam mit den Kindern daran. Die Sonne scheint warm und golden durch das Bl\u00e4tterdach, w\u00e4hrend wir unsere Snacks auspacken. Auf dem Tisch liegen frisches Brot, saftige Fr\u00fcchte und leckerer Aufschnitt. [&hellip;]<\/p>\n","protected":false},"author":2,"featured_media":11846,"comment_status":"closed","ping_status":"closed","sticky":false,"template":"","format":"standard","meta":{"footnotes":""},"categories":[520],"tags":[],"class_list":["post-11845","post","type-post","status-publish","format-standard","has-post-thumbnail","hentry","category-waldkinderkrippe-blog"],"_links":{"self":[{"href":"https:\/\/kitabluemli.ch\/en\/wp-json\/wp\/v2\/posts\/11845","targetHints":{"allow":["GET"]}}],"collection":[{"href":"https:\/\/kitabluemli.ch\/en\/wp-json\/wp\/v2\/posts"}],"about":[{"href":"https:\/\/kitabluemli.ch\/en\/wp-json\/wp\/v2\/types\/post"}],"author":[{"embeddable":true,"href":"https:\/\/kitabluemli.ch\/en\/wp-json\/wp\/v2\/users\/2"}],"replies":[{"embeddable":true,"href":"https:\/\/kitabluemli.ch\/en\/wp-json\/wp\/v2\/comments?post=11845"}],"version-history":[{"count":0,"href":"https:\/\/kitabluemli.ch\/en\/wp-json\/wp\/v2\/posts\/11845\/revisions"}],"wp:featuredmedia":[{"embeddable":true,"href":"https:\/\/kitabluemli.ch\/en\/wp-json\/wp\/v2\/media\/11846"}],"wp:attachment":[{"href":"https:\/\/kitabluemli.ch\/en\/wp-json\/wp\/v2\/media?parent=11845"}],"wp:term":[{"taxonomy":"category","embeddable":true,"href":"https:\/\/kitabluemli.ch\/en\/wp-json\/wp\/v2\/categories?post=11845"},{"taxonomy":"post_tag","embeddable":true,"href":"https:\/\/kitabluemli.ch\/en\/wp-json\/wp\/v2\/tags?post=11845"}],"curies":[{"name":"wp","href":"https:\/\/api.w.org\/{rel}","templated":true}]}}