{"id":11848,"date":"2023-05-21T12:00:30","date_gmt":"2023-05-21T10:00:30","guid":{"rendered":"https:\/\/eager-austin.188-34-163-140.plesk.page\/?p=11848"},"modified":"2025-01-07T15:00:22","modified_gmt":"2025-01-07T14:00:22","slug":"basteln-mit-bluetenblaettern","status":"publish","type":"post","link":"https:\/\/kitabluemli.ch\/en\/basteln-mit-bluetenblaettern\/","title":{"rendered":"Basteln mit Blu\u0308tenbla\u0308ttern"},"content":{"rendered":"<p>Wir sind in der Kinderkrippe und sitzen mit den Kindern auf dem Boden. Vor uns liegen gr\u00fcnes und rotes Papier. Mit den zuvor gesammelten Blu\u0308tenbla\u0308ttern erstellen wir nun ein kunterbuntes Bild darauf.<\/p>\n<p>Die Kinder sind voller Begeisterung und lassen ihrer Fantasie freien Lauf, um ihre eigenen einzigartigen Kunstwerke zu erschaffen. Sie arrangieren die Bl\u00fctenbl\u00e4tter in verschiedenen Formen und Farbkombinationen, um ein lebendiges und fr\u00f6hliches Bild entstehen zu lassen.<\/p>\n<p>Es ist faszinierend zu sehen, wie die Kinder mit Hingabe und Stolz ihre Kunstwerke gestalten und dabei ihre feinmotorischen F\u00e4higkeiten weiterentwickeln. Die bunten Blumenbl\u00e4tter auf dem Papier erstrahlen in ihrer Sch\u00f6nheit und bringen einen Hauch von Natur in die Kinderkrippe.<\/p>","protected":false},"excerpt":{"rendered":"<p>Wir sind in der Kinderkrippe und sitzen mit den Kindern auf dem Boden. Vor uns liegen gr\u00fcnes und rotes Papier. Mit den zuvor gesammelten Blu\u0308tenbla\u0308ttern erstellen wir nun ein kunterbuntes Bild darauf. Die Kinder sind voller Begeisterung und lassen ihrer Fantasie freien Lauf, um ihre eigenen einzigartigen Kunstwerke zu erschaffen. Sie arrangieren die Bl\u00fctenbl\u00e4tter in [&hellip;]<\/p>\n","protected":false},"author":2,"featured_media":11849,"comment_status":"closed","ping_status":"closed","sticky":false,"template":"","format":"standard","meta":{"footnotes":""},"categories":[519],"tags":[],"class_list":["post-11848","post","type-post","status-publish","format-standard","has-post-thumbnail","hentry","category-kinderkrippe-blog"],"_links":{"self":[{"href":"https:\/\/kitabluemli.ch\/en\/wp-json\/wp\/v2\/posts\/11848","targetHints":{"allow":["GET"]}}],"collection":[{"href":"https:\/\/kitabluemli.ch\/en\/wp-json\/wp\/v2\/posts"}],"about":[{"href":"https:\/\/kitabluemli.ch\/en\/wp-json\/wp\/v2\/types\/post"}],"author":[{"embeddable":true,"href":"https:\/\/kitabluemli.ch\/en\/wp-json\/wp\/v2\/users\/2"}],"replies":[{"embeddable":true,"href":"https:\/\/kitabluemli.ch\/en\/wp-json\/wp\/v2\/comments?post=11848"}],"version-history":[{"count":0,"href":"https:\/\/kitabluemli.ch\/en\/wp-json\/wp\/v2\/posts\/11848\/revisions"}],"wp:featuredmedia":[{"embeddable":true,"href":"https:\/\/kitabluemli.ch\/en\/wp-json\/wp\/v2\/media\/11849"}],"wp:attachment":[{"href":"https:\/\/kitabluemli.ch\/en\/wp-json\/wp\/v2\/media?parent=11848"}],"wp:term":[{"taxonomy":"category","embeddable":true,"href":"https:\/\/kitabluemli.ch\/en\/wp-json\/wp\/v2\/categories?post=11848"},{"taxonomy":"post_tag","embeddable":true,"href":"https:\/\/kitabluemli.ch\/en\/wp-json\/wp\/v2\/tags?post=11848"}],"curies":[{"name":"wp","href":"https:\/\/api.w.org\/{rel}","templated":true}]}}