{"id":11859,"date":"2023-07-16T10:37:57","date_gmt":"2023-07-16T08:37:57","guid":{"rendered":"https:\/\/eager-austin.188-34-163-140.plesk.page\/?p=11859"},"modified":"2023-07-16T10:37:57","modified_gmt":"2023-07-16T08:37:57","slug":"schlafen-im-park-2","status":"publish","type":"post","link":"https:\/\/kitabluemli.ch\/en\/schlafen-im-park-2\/","title":{"rendered":"Schlafen im Park"},"content":{"rendered":"<p>Es war ein wundersch\u00f6ner Tag im Park. Die Sonne schien, die V\u00f6gel zwitscherten und die Kinder spielten. Sie rannten umher, lachten und hatten Spass. Nach einer Weile wurden sie m\u00fcde und legten sich hin. Sie schliefen friedlich unter den B\u00e4umen. Die Kinder lagen auf der Wiese, friedlich schlummernd. Der Wind strich durch ihre Haare und die Sonne schien auf ihre Gesichter.\u00a0 Nach einer Weile wachten die Kinder auf. Sie streckten sich und g\u00e4hnten. Dann standen sie auf und liefen los, um wieder zu spielen.<\/p>","protected":false},"excerpt":{"rendered":"<p>Es war ein wundersch\u00f6ner Tag im Park. Die Sonne schien, die V\u00f6gel zwitscherten und die Kinder spielten. Sie rannten umher, lachten und hatten Spass. Nach einer Weile wurden sie m\u00fcde und legten sich hin. Sie schliefen friedlich unter den B\u00e4umen. Die Kinder lagen auf der Wiese, friedlich schlummernd. Der Wind strich durch ihre Haare und [&hellip;]<\/p>\n","protected":false},"author":2,"featured_media":11860,"comment_status":"closed","ping_status":"closed","sticky":false,"template":"","format":"standard","meta":{"footnotes":""},"categories":[519],"tags":[],"class_list":["post-11859","post","type-post","status-publish","format-standard","has-post-thumbnail","hentry","category-kinderkrippe-blog"],"_links":{"self":[{"href":"https:\/\/kitabluemli.ch\/en\/wp-json\/wp\/v2\/posts\/11859","targetHints":{"allow":["GET"]}}],"collection":[{"href":"https:\/\/kitabluemli.ch\/en\/wp-json\/wp\/v2\/posts"}],"about":[{"href":"https:\/\/kitabluemli.ch\/en\/wp-json\/wp\/v2\/types\/post"}],"author":[{"embeddable":true,"href":"https:\/\/kitabluemli.ch\/en\/wp-json\/wp\/v2\/users\/2"}],"replies":[{"embeddable":true,"href":"https:\/\/kitabluemli.ch\/en\/wp-json\/wp\/v2\/comments?post=11859"}],"version-history":[{"count":0,"href":"https:\/\/kitabluemli.ch\/en\/wp-json\/wp\/v2\/posts\/11859\/revisions"}],"wp:featuredmedia":[{"embeddable":true,"href":"https:\/\/kitabluemli.ch\/en\/wp-json\/wp\/v2\/media\/11860"}],"wp:attachment":[{"href":"https:\/\/kitabluemli.ch\/en\/wp-json\/wp\/v2\/media?parent=11859"}],"wp:term":[{"taxonomy":"category","embeddable":true,"href":"https:\/\/kitabluemli.ch\/en\/wp-json\/wp\/v2\/categories?post=11859"},{"taxonomy":"post_tag","embeddable":true,"href":"https:\/\/kitabluemli.ch\/en\/wp-json\/wp\/v2\/tags?post=11859"}],"curies":[{"name":"wp","href":"https:\/\/api.w.org\/{rel}","templated":true}]}}