{"id":11891,"date":"2023-07-31T12:00:30","date_gmt":"2023-07-31T10:00:30","guid":{"rendered":"https:\/\/eager-austin.188-34-163-140.plesk.page\/?p=11891"},"modified":"2023-07-31T12:00:30","modified_gmt":"2023-07-31T10:00:30","slug":"geburtstag-in-der-kinderkrippe","status":"publish","type":"post","link":"https:\/\/kitabluemli.ch\/en\/geburtstag-in-der-kinderkrippe\/","title":{"rendered":"Geburtstag in der Kinderkrippe"},"content":{"rendered":"<p>Der Geburtstagstisch ist festlich geschm\u00fcckt mit bunten Luftballons, fr\u00f6hlichen Girlanden und einer leckeren Geburtstagstorte in der Mitte.<\/p>\n<p>Die Geburtstagsfeier in der Kinderkrippe ist eine bedeutende Gelegenheit, um die Individualit\u00e4t eines jeden Kindes zu w\u00fcrdigen und die Freude am Teilen und Feiern zu f\u00f6rdern. Es ist ein Moment, der die Bindung innerhalb der Gruppe st\u00e4rkt und die Bedeutung von Freundschaft und F\u00fcrsorge vermittelt.<\/p>","protected":false},"excerpt":{"rendered":"<p>Der Geburtstagstisch ist festlich geschm\u00fcckt mit bunten Luftballons, fr\u00f6hlichen Girlanden und einer leckeren Geburtstagstorte in der Mitte. Die Geburtstagsfeier in der Kinderkrippe ist eine bedeutende Gelegenheit, um die Individualit\u00e4t eines jeden Kindes zu w\u00fcrdigen und die Freude am Teilen und Feiern zu f\u00f6rdern. Es ist ein Moment, der die Bindung innerhalb der Gruppe st\u00e4rkt und [&hellip;]<\/p>\n","protected":false},"author":2,"featured_media":11892,"comment_status":"closed","ping_status":"closed","sticky":false,"template":"","format":"standard","meta":{"footnotes":""},"categories":[519],"tags":[],"class_list":["post-11891","post","type-post","status-publish","format-standard","has-post-thumbnail","hentry","category-kinderkrippe-blog"],"_links":{"self":[{"href":"https:\/\/kitabluemli.ch\/en\/wp-json\/wp\/v2\/posts\/11891","targetHints":{"allow":["GET"]}}],"collection":[{"href":"https:\/\/kitabluemli.ch\/en\/wp-json\/wp\/v2\/posts"}],"about":[{"href":"https:\/\/kitabluemli.ch\/en\/wp-json\/wp\/v2\/types\/post"}],"author":[{"embeddable":true,"href":"https:\/\/kitabluemli.ch\/en\/wp-json\/wp\/v2\/users\/2"}],"replies":[{"embeddable":true,"href":"https:\/\/kitabluemli.ch\/en\/wp-json\/wp\/v2\/comments?post=11891"}],"version-history":[{"count":0,"href":"https:\/\/kitabluemli.ch\/en\/wp-json\/wp\/v2\/posts\/11891\/revisions"}],"wp:featuredmedia":[{"embeddable":true,"href":"https:\/\/kitabluemli.ch\/en\/wp-json\/wp\/v2\/media\/11892"}],"wp:attachment":[{"href":"https:\/\/kitabluemli.ch\/en\/wp-json\/wp\/v2\/media?parent=11891"}],"wp:term":[{"taxonomy":"category","embeddable":true,"href":"https:\/\/kitabluemli.ch\/en\/wp-json\/wp\/v2\/categories?post=11891"},{"taxonomy":"post_tag","embeddable":true,"href":"https:\/\/kitabluemli.ch\/en\/wp-json\/wp\/v2\/tags?post=11891"}],"curies":[{"name":"wp","href":"https:\/\/api.w.org\/{rel}","templated":true}]}}