{"id":11894,"date":"2023-08-01T08:00:57","date_gmt":"2023-08-01T06:00:57","guid":{"rendered":"https:\/\/eager-austin.188-34-163-140.plesk.page\/?p=11894"},"modified":"2024-12-13T13:44:53","modified_gmt":"2024-12-13T12:44:53","slug":"1-august-2023","status":"publish","type":"post","link":"https:\/\/kitabluemli.ch\/en\/1-august-2023\/","title":{"rendered":"1. August 2023"},"content":{"rendered":"<p>Liebe Kinder, liebe Eltern und liebe Mitarbeiter,<\/p>\n<p>Am 1. August feiern wir gemeinsam einen besonderen Tag voller Freude und Stolz. An diesem festlichen Anlass w\u00fcnsche ich uns allen eine unvergessliche Feier, die uns noch lange in sch\u00f6ner Erinnerung bleiben wird.<\/p>\n<p>Herzliche Gr\u00fcsse<br \/>\nAndrea<\/p>","protected":false},"excerpt":{"rendered":"<p>Liebe Kinder, liebe Eltern und liebe Mitarbeiter, Am 1. August feiern wir gemeinsam einen besonderen Tag voller Freude und Stolz. An diesem festlichen Anlass w\u00fcnsche ich uns allen eine unvergessliche Feier, die uns noch lange in sch\u00f6ner Erinnerung bleiben wird. Herzliche Gr\u00fcsse Andrea<\/p>","protected":false},"author":2,"featured_media":11895,"comment_status":"closed","ping_status":"closed","sticky":false,"template":"","format":"standard","meta":{"footnotes":""},"categories":[1],"tags":[],"class_list":["post-11894","post","type-post","status-publish","format-standard","has-post-thumbnail","hentry","category-allgemein-blog"],"_links":{"self":[{"href":"https:\/\/kitabluemli.ch\/en\/wp-json\/wp\/v2\/posts\/11894","targetHints":{"allow":["GET"]}}],"collection":[{"href":"https:\/\/kitabluemli.ch\/en\/wp-json\/wp\/v2\/posts"}],"about":[{"href":"https:\/\/kitabluemli.ch\/en\/wp-json\/wp\/v2\/types\/post"}],"author":[{"embeddable":true,"href":"https:\/\/kitabluemli.ch\/en\/wp-json\/wp\/v2\/users\/2"}],"replies":[{"embeddable":true,"href":"https:\/\/kitabluemli.ch\/en\/wp-json\/wp\/v2\/comments?post=11894"}],"version-history":[{"count":0,"href":"https:\/\/kitabluemli.ch\/en\/wp-json\/wp\/v2\/posts\/11894\/revisions"}],"wp:featuredmedia":[{"embeddable":true,"href":"https:\/\/kitabluemli.ch\/en\/wp-json\/wp\/v2\/media\/11895"}],"wp:attachment":[{"href":"https:\/\/kitabluemli.ch\/en\/wp-json\/wp\/v2\/media?parent=11894"}],"wp:term":[{"taxonomy":"category","embeddable":true,"href":"https:\/\/kitabluemli.ch\/en\/wp-json\/wp\/v2\/categories?post=11894"},{"taxonomy":"post_tag","embeddable":true,"href":"https:\/\/kitabluemli.ch\/en\/wp-json\/wp\/v2\/tags?post=11894"}],"curies":[{"name":"wp","href":"https:\/\/api.w.org\/{rel}","templated":true}]}}