{"id":11906,"date":"2023-08-09T12:00:05","date_gmt":"2023-08-09T10:00:05","guid":{"rendered":"https:\/\/eager-austin.188-34-163-140.plesk.page\/?p=11906"},"modified":"2023-08-09T12:00:05","modified_gmt":"2023-08-09T10:00:05","slug":"recycling-mit-den-kinder","status":"publish","type":"post","link":"https:\/\/kitabluemli.ch\/en\/recycling-mit-den-kinder\/","title":{"rendered":"Recycling mit den Kinder"},"content":{"rendered":"<p>Wir sind heute mit den Kindern aktiv am Recycling und entsorgen PET-Flaschen. Die Kinder sind voller Begeisterung und Engagement bei der Sache. Es zeigt ihnen, dass sie aktiv etwas Gutes f\u00fcr die Umwelt tun k\u00f6nnen und dass ihre Handlungen einen Unterschied machen. Es erweckt ihr Bewusstsein f\u00fcr die Umwelt und f\u00f6rdert ihre Verantwortungsbereitschaft.<\/p>","protected":false},"excerpt":{"rendered":"<p>Wir sind heute mit den Kindern aktiv am Recycling und entsorgen PET-Flaschen. Die Kinder sind voller Begeisterung und Engagement bei der Sache. Es zeigt ihnen, dass sie aktiv etwas Gutes f\u00fcr die Umwelt tun k\u00f6nnen und dass ihre Handlungen einen Unterschied machen. Es erweckt ihr Bewusstsein f\u00fcr die Umwelt und f\u00f6rdert ihre Verantwortungsbereitschaft.<\/p>","protected":false},"author":2,"featured_media":11907,"comment_status":"closed","ping_status":"closed","sticky":false,"template":"","format":"standard","meta":{"footnotes":""},"categories":[519],"tags":[],"class_list":["post-11906","post","type-post","status-publish","format-standard","has-post-thumbnail","hentry","category-kinderkrippe-blog"],"_links":{"self":[{"href":"https:\/\/kitabluemli.ch\/en\/wp-json\/wp\/v2\/posts\/11906","targetHints":{"allow":["GET"]}}],"collection":[{"href":"https:\/\/kitabluemli.ch\/en\/wp-json\/wp\/v2\/posts"}],"about":[{"href":"https:\/\/kitabluemli.ch\/en\/wp-json\/wp\/v2\/types\/post"}],"author":[{"embeddable":true,"href":"https:\/\/kitabluemli.ch\/en\/wp-json\/wp\/v2\/users\/2"}],"replies":[{"embeddable":true,"href":"https:\/\/kitabluemli.ch\/en\/wp-json\/wp\/v2\/comments?post=11906"}],"version-history":[{"count":0,"href":"https:\/\/kitabluemli.ch\/en\/wp-json\/wp\/v2\/posts\/11906\/revisions"}],"wp:featuredmedia":[{"embeddable":true,"href":"https:\/\/kitabluemli.ch\/en\/wp-json\/wp\/v2\/media\/11907"}],"wp:attachment":[{"href":"https:\/\/kitabluemli.ch\/en\/wp-json\/wp\/v2\/media?parent=11906"}],"wp:term":[{"taxonomy":"category","embeddable":true,"href":"https:\/\/kitabluemli.ch\/en\/wp-json\/wp\/v2\/categories?post=11906"},{"taxonomy":"post_tag","embeddable":true,"href":"https:\/\/kitabluemli.ch\/en\/wp-json\/wp\/v2\/tags?post=11906"}],"curies":[{"name":"wp","href":"https:\/\/api.w.org\/{rel}","templated":true}]}}