{"id":11912,"date":"2023-08-14T12:00:47","date_gmt":"2023-08-14T10:00:47","guid":{"rendered":"https:\/\/eager-austin.188-34-163-140.plesk.page\/?p=11912"},"modified":"2023-08-14T12:00:47","modified_gmt":"2023-08-14T10:00:47","slug":"mittagessen-in-der-kita-2","status":"publish","type":"post","link":"https:\/\/kitabluemli.ch\/en\/mittagessen-in-der-kita-2\/","title":{"rendered":"Mittagessen in der KiTa"},"content":{"rendered":"<p>Die Kinder haben ihre Teller vor sich, gef\u00fcllt mit leckeren und ausgewogenen Speisen. Wir haben frisches Gem\u00fcse, k\u00f6stliches Obst, gesunde Proteine und nahrhafte Kohlenhydrate auf dem Tisch.<\/p>\n<p>Die gemeinsame Mittagszeit ist nicht nur eine Gelegenheit, sich zu st\u00e4rken, sondern auch eine Zeit der Bildung und des sozialen Miteinanders. Die Kinder lernen, sich am Tisch zu benehmen, R\u00fccksicht auf andere zu nehmen und auf ihre Bed\u00fcrfnisse zu achten.<\/p>","protected":false},"excerpt":{"rendered":"<p>Die Kinder haben ihre Teller vor sich, gef\u00fcllt mit leckeren und ausgewogenen Speisen. Wir haben frisches Gem\u00fcse, k\u00f6stliches Obst, gesunde Proteine und nahrhafte Kohlenhydrate auf dem Tisch. Die gemeinsame Mittagszeit ist nicht nur eine Gelegenheit, sich zu st\u00e4rken, sondern auch eine Zeit der Bildung und des sozialen Miteinanders. Die Kinder lernen, sich am Tisch zu [&hellip;]<\/p>\n","protected":false},"author":2,"featured_media":11913,"comment_status":"closed","ping_status":"closed","sticky":false,"template":"","format":"standard","meta":{"footnotes":""},"categories":[519],"tags":[],"class_list":["post-11912","post","type-post","status-publish","format-standard","has-post-thumbnail","hentry","category-kinderkrippe-blog"],"_links":{"self":[{"href":"https:\/\/kitabluemli.ch\/en\/wp-json\/wp\/v2\/posts\/11912","targetHints":{"allow":["GET"]}}],"collection":[{"href":"https:\/\/kitabluemli.ch\/en\/wp-json\/wp\/v2\/posts"}],"about":[{"href":"https:\/\/kitabluemli.ch\/en\/wp-json\/wp\/v2\/types\/post"}],"author":[{"embeddable":true,"href":"https:\/\/kitabluemli.ch\/en\/wp-json\/wp\/v2\/users\/2"}],"replies":[{"embeddable":true,"href":"https:\/\/kitabluemli.ch\/en\/wp-json\/wp\/v2\/comments?post=11912"}],"version-history":[{"count":0,"href":"https:\/\/kitabluemli.ch\/en\/wp-json\/wp\/v2\/posts\/11912\/revisions"}],"wp:featuredmedia":[{"embeddable":true,"href":"https:\/\/kitabluemli.ch\/en\/wp-json\/wp\/v2\/media\/11913"}],"wp:attachment":[{"href":"https:\/\/kitabluemli.ch\/en\/wp-json\/wp\/v2\/media?parent=11912"}],"wp:term":[{"taxonomy":"category","embeddable":true,"href":"https:\/\/kitabluemli.ch\/en\/wp-json\/wp\/v2\/categories?post=11912"},{"taxonomy":"post_tag","embeddable":true,"href":"https:\/\/kitabluemli.ch\/en\/wp-json\/wp\/v2\/tags?post=11912"}],"curies":[{"name":"wp","href":"https:\/\/api.w.org\/{rel}","templated":true}]}}