{"id":11965,"date":"2023-09-16T12:00:39","date_gmt":"2023-09-16T10:00:39","guid":{"rendered":"https:\/\/eager-austin.188-34-163-140.plesk.page\/?p=11965"},"modified":"2023-09-16T12:00:39","modified_gmt":"2023-09-16T10:00:39","slug":"herbstblaetter-beobachten","status":"publish","type":"post","link":"https:\/\/kitabluemli.ch\/en\/herbstblaetter-beobachten\/","title":{"rendered":"Herbstbla\u0308tter beobachten"},"content":{"rendered":"<p>Der Herbst ist eine Zeit des Wandels, und das Beobachten der fallenden Bl\u00e4tter ist eine Gelegenheit f\u00fcr die Kinder, diesen Wandel zu erkunden. Sie k\u00f6nnen die verschiedenen Farben und Formen der Bl\u00e4tter bewundern und sich dar\u00fcber austauschen, wie die B\u00e4ume sich auf die kommende Winterzeit vorbereiten.<\/p>\n<p>Solche Erlebnisse im Wald f\u00f6rdern nicht nur die Naturverbundenheit der Kinder, sondern erm\u00f6glichen es ihnen auch, ihre Sinne zu sch\u00e4rfen und ihre Neugierde zu wecken. Sie k\u00f6nnen die Bl\u00e4tter ber\u00fchren, riechen und die Ger\u00e4usche der Natur um sich herum h\u00f6ren, was ihre sensorische Wahrnehmung weiterentwickelt.<\/p>","protected":false},"excerpt":{"rendered":"<p>Der Herbst ist eine Zeit des Wandels, und das Beobachten der fallenden Bl\u00e4tter ist eine Gelegenheit f\u00fcr die Kinder, diesen Wandel zu erkunden. Sie k\u00f6nnen die verschiedenen Farben und Formen der Bl\u00e4tter bewundern und sich dar\u00fcber austauschen, wie die B\u00e4ume sich auf die kommende Winterzeit vorbereiten. Solche Erlebnisse im Wald f\u00f6rdern nicht nur die Naturverbundenheit [&hellip;]<\/p>\n","protected":false},"author":2,"featured_media":11966,"comment_status":"closed","ping_status":"closed","sticky":false,"template":"","format":"standard","meta":{"footnotes":""},"categories":[520],"tags":[],"class_list":["post-11965","post","type-post","status-publish","format-standard","has-post-thumbnail","hentry","category-waldkinderkrippe-blog"],"_links":{"self":[{"href":"https:\/\/kitabluemli.ch\/en\/wp-json\/wp\/v2\/posts\/11965","targetHints":{"allow":["GET"]}}],"collection":[{"href":"https:\/\/kitabluemli.ch\/en\/wp-json\/wp\/v2\/posts"}],"about":[{"href":"https:\/\/kitabluemli.ch\/en\/wp-json\/wp\/v2\/types\/post"}],"author":[{"embeddable":true,"href":"https:\/\/kitabluemli.ch\/en\/wp-json\/wp\/v2\/users\/2"}],"replies":[{"embeddable":true,"href":"https:\/\/kitabluemli.ch\/en\/wp-json\/wp\/v2\/comments?post=11965"}],"version-history":[{"count":0,"href":"https:\/\/kitabluemli.ch\/en\/wp-json\/wp\/v2\/posts\/11965\/revisions"}],"wp:featuredmedia":[{"embeddable":true,"href":"https:\/\/kitabluemli.ch\/en\/wp-json\/wp\/v2\/media\/11966"}],"wp:attachment":[{"href":"https:\/\/kitabluemli.ch\/en\/wp-json\/wp\/v2\/media?parent=11965"}],"wp:term":[{"taxonomy":"category","embeddable":true,"href":"https:\/\/kitabluemli.ch\/en\/wp-json\/wp\/v2\/categories?post=11965"},{"taxonomy":"post_tag","embeddable":true,"href":"https:\/\/kitabluemli.ch\/en\/wp-json\/wp\/v2\/tags?post=11965"}],"curies":[{"name":"wp","href":"https:\/\/api.w.org\/{rel}","templated":true}]}}