{"id":11999,"date":"2023-10-04T12:00:47","date_gmt":"2023-10-04T10:00:47","guid":{"rendered":"https:\/\/eager-austin.188-34-163-140.plesk.page\/?p=11999"},"modified":"2023-10-04T12:00:47","modified_gmt":"2023-10-04T10:00:47","slug":"wir-erstellen-ein-plakat-mit-den-verschiedene-meerestiere","status":"publish","type":"post","link":"https:\/\/kitabluemli.ch\/en\/wir-erstellen-ein-plakat-mit-den-verschiedene-meerestiere\/","title":{"rendered":"Wir erstellen ein Plakat mit den verschiedene Meerestiere"},"content":{"rendered":"<p>Die Kinder sitzen um den Tisch, mit Farben, Papier und einer F\u00fclle von Ideen bewaffnet. Jedes Kind tr\u00e4gt dazu bei, das Plakat mit bunten Illustrationen von Meeresbewohnern zu gestalten. Es gibt Wale, Delfine, Schildkr\u00f6ten, Seesterne und viele andere faszinierende Kreaturen, die die Kinder auf dem Plakat zum Leben erwecken.<\/p>\n<p>W\u00e4hrend sie malen und gestalten, tauschen die Kinder Informationen \u00fcber die verschiedenen Meerestiere aus, die sie darstellen. Sie lernen voneinander und vertiefen ihr Verst\u00e4ndnis f\u00fcr die Vielfalt der Unterwasserwelt.<\/p>\n<p>Das Plakatprojekt f\u00f6rdert nicht nur die k\u00fcnstlerische Kreativit\u00e4t der Kinder, sondern st\u00e4rkt auch ihre Teamarbeit und Kommunikationsf\u00e4higkeiten. Sie lernen, wie sie Ideen miteinander teilen und gemeinsam an einem gr\u00f6sseren Ziel arbeiten k\u00f6nnen.<\/p>","protected":false},"excerpt":{"rendered":"<p>Die Kinder sitzen um den Tisch, mit Farben, Papier und einer F\u00fclle von Ideen bewaffnet. Jedes Kind tr\u00e4gt dazu bei, das Plakat mit bunten Illustrationen von Meeresbewohnern zu gestalten. Es gibt Wale, Delfine, Schildkr\u00f6ten, Seesterne und viele andere faszinierende Kreaturen, die die Kinder auf dem Plakat zum Leben erwecken. W\u00e4hrend sie malen und gestalten, tauschen [&hellip;]<\/p>\n","protected":false},"author":2,"featured_media":12000,"comment_status":"closed","ping_status":"closed","sticky":false,"template":"","format":"standard","meta":{"footnotes":""},"categories":[519],"tags":[],"class_list":["post-11999","post","type-post","status-publish","format-standard","has-post-thumbnail","hentry","category-kinderkrippe-blog"],"_links":{"self":[{"href":"https:\/\/kitabluemli.ch\/en\/wp-json\/wp\/v2\/posts\/11999","targetHints":{"allow":["GET"]}}],"collection":[{"href":"https:\/\/kitabluemli.ch\/en\/wp-json\/wp\/v2\/posts"}],"about":[{"href":"https:\/\/kitabluemli.ch\/en\/wp-json\/wp\/v2\/types\/post"}],"author":[{"embeddable":true,"href":"https:\/\/kitabluemli.ch\/en\/wp-json\/wp\/v2\/users\/2"}],"replies":[{"embeddable":true,"href":"https:\/\/kitabluemli.ch\/en\/wp-json\/wp\/v2\/comments?post=11999"}],"version-history":[{"count":0,"href":"https:\/\/kitabluemli.ch\/en\/wp-json\/wp\/v2\/posts\/11999\/revisions"}],"wp:featuredmedia":[{"embeddable":true,"href":"https:\/\/kitabluemli.ch\/en\/wp-json\/wp\/v2\/media\/12000"}],"wp:attachment":[{"href":"https:\/\/kitabluemli.ch\/en\/wp-json\/wp\/v2\/media?parent=11999"}],"wp:term":[{"taxonomy":"category","embeddable":true,"href":"https:\/\/kitabluemli.ch\/en\/wp-json\/wp\/v2\/categories?post=11999"},{"taxonomy":"post_tag","embeddable":true,"href":"https:\/\/kitabluemli.ch\/en\/wp-json\/wp\/v2\/tags?post=11999"}],"curies":[{"name":"wp","href":"https:\/\/api.w.org\/{rel}","templated":true}]}}