{"id":12002,"date":"2023-10-07T12:00:18","date_gmt":"2023-10-07T10:00:18","guid":{"rendered":"https:\/\/eager-austin.188-34-163-140.plesk.page\/?p=12002"},"modified":"2023-10-07T12:00:18","modified_gmt":"2023-10-07T10:00:18","slug":"wie-fuehlen-sich-wasserperlen-an","status":"publish","type":"post","link":"https:\/\/kitabluemli.ch\/en\/wie-fuehlen-sich-wasserperlen-an\/","title":{"rendered":"Wie fu\u0308hlen sich Wasserperlen an?"},"content":{"rendered":"<p>Die Wasserperlen sind wie kleine Wunder der Natur. Wenn die Kinder sie ber\u00fchren, sp\u00fcren sie ihre k\u00fchle und glatte Oberfl\u00e4che. Sie sind erstaunt \u00fcber die Transparenz und die lebendigen Farben der Perlen. Dieses taktile Erlebnis erm\u00f6glicht es den Kindern, die unterschiedlichen Sinneswahrnehmungen zu erkunden und zu verstehen.<\/p>\n<p>W\u00e4hrend sie die Wasserperlen erforschen, k\u00f6nnen die Kinder auch \u00fcber Wasser und seine Eigenschaften lernen. Sie erfahren, wie Wasser in den Perlen gespeichert ist und wie es ihre Form und Textur beeinflusst. Solche Aktivit\u00e4ten f\u00f6rdern das wissenschaftliche Verst\u00e4ndnis der Kinder auf spielerische Weise.<\/p>","protected":false},"excerpt":{"rendered":"<p>Die Wasserperlen sind wie kleine Wunder der Natur. Wenn die Kinder sie ber\u00fchren, sp\u00fcren sie ihre k\u00fchle und glatte Oberfl\u00e4che. Sie sind erstaunt \u00fcber die Transparenz und die lebendigen Farben der Perlen. Dieses taktile Erlebnis erm\u00f6glicht es den Kindern, die unterschiedlichen Sinneswahrnehmungen zu erkunden und zu verstehen. W\u00e4hrend sie die Wasserperlen erforschen, k\u00f6nnen die Kinder [&hellip;]<\/p>\n","protected":false},"author":2,"featured_media":12003,"comment_status":"closed","ping_status":"closed","sticky":false,"template":"","format":"standard","meta":{"footnotes":""},"categories":[519],"tags":[],"class_list":["post-12002","post","type-post","status-publish","format-standard","has-post-thumbnail","hentry","category-kinderkrippe-blog"],"_links":{"self":[{"href":"https:\/\/kitabluemli.ch\/en\/wp-json\/wp\/v2\/posts\/12002","targetHints":{"allow":["GET"]}}],"collection":[{"href":"https:\/\/kitabluemli.ch\/en\/wp-json\/wp\/v2\/posts"}],"about":[{"href":"https:\/\/kitabluemli.ch\/en\/wp-json\/wp\/v2\/types\/post"}],"author":[{"embeddable":true,"href":"https:\/\/kitabluemli.ch\/en\/wp-json\/wp\/v2\/users\/2"}],"replies":[{"embeddable":true,"href":"https:\/\/kitabluemli.ch\/en\/wp-json\/wp\/v2\/comments?post=12002"}],"version-history":[{"count":0,"href":"https:\/\/kitabluemli.ch\/en\/wp-json\/wp\/v2\/posts\/12002\/revisions"}],"wp:featuredmedia":[{"embeddable":true,"href":"https:\/\/kitabluemli.ch\/en\/wp-json\/wp\/v2\/media\/12003"}],"wp:attachment":[{"href":"https:\/\/kitabluemli.ch\/en\/wp-json\/wp\/v2\/media?parent=12002"}],"wp:term":[{"taxonomy":"category","embeddable":true,"href":"https:\/\/kitabluemli.ch\/en\/wp-json\/wp\/v2\/categories?post=12002"},{"taxonomy":"post_tag","embeddable":true,"href":"https:\/\/kitabluemli.ch\/en\/wp-json\/wp\/v2\/tags?post=12002"}],"curies":[{"name":"wp","href":"https:\/\/api.w.org\/{rel}","templated":true}]}}